{"id":231347,"date":"2010-11-16T16:35:22","date_gmt":"2010-11-16T16:35:22","guid":{"rendered":"https:\/\/archivio.cercoiltuovolto.it\/?p=231347"},"modified":"2010-11-16T16:35:22","modified_gmt":"2010-11-16T16:35:22","slug":"la-santa-sede-in-hd","status":"publish","type":"post","link":"https:\/\/archivio.cercoiltuovolto.it\/?p=231347","title":{"rendered":"La Santa Sede in HD"},"content":{"rendered":"<h2 style=\"text-align: justify;\"><a href=\"http:\/\/www.cercoiltuovolto.it\/wp-content\/uploads\/2010\/11\/Full-HD.jpg\"><img loading=\"lazy\" decoding=\"async\" class=\"alignleft size-thumbnail wp-image-15203\" title=\"Full HD\" src=\"http:\/\/www.cercoiltuovolto.it\/wp-content\/uploads\/2010\/11\/Full-HD-232x130.jpg\" alt=\"\" width=\"232\" height=\"130\" \/><\/a>Nuova regia mobile ad alta definizione del ctv<\/h2>\n<p style=\"text-align: justify;\">CITTA&#8217;   DEL VATICANO,   16 NOV. 2010 (VIS). <br \/>\n&#8220;Nuove tecnologie al servizio delle comunicazioni   della Santa Sede&#8221;   \u00e8 stato il tema della Conferenza Stampa di presentazione della nuova Regia   mobile del Centro Televisivo Vaticano per riprese televisive in Alta   Definizione che da ora in poi sar\u00e0 impiegato dal Centro Televisivo Vaticano.<\/p>\n<p style=\"text-align: justify;\">Alla Conferenza Stampa, che ha   avuto luogo nella Sala Stampa della Santa Sede, sono intervenuti: \u00a0l&#8217;Arcivescovo   Claudio Maria Celli, Presidente del Pontificio Consiglio delle Comunicazioni   Sociali e del Consiglio di Amministrazione del Centro Televisivo Vaticano;   Padre Federico    Lombardi, S.I., Direttore Generale del Centro Televisivo   Vaticano; il Professor Carl Albert Anderson, Cavaliere Supremo dei Cavalieri   di Colombo; il\u00a0Dr. Gildas Pelliet, President and Managing Director, Sony   Italia.<\/p>\n<p style=\"text-align: center;\">[oembed] {&#8220;url&#8221;:&#8221;http:\/\/www.youtube.com\/watch?v=yrBu83QdPUQ&amp;feature=youtube_gdata&#8221;, &#8220;width&#8221;:480, &#8220;height&#8221;:360} [\/oembed]<\/p>\n<p style=\"text-align: justify;\">L&#8217;Arcivescovo Celli ha affermato   che: &#8220;L&#8217;inaugurazione di questo nuovo Van per la regia mobile anticipa   di poco quanto il Pontificio Consiglio della Comunicazioni Sociali sta per   mettere in rete con il sito &#8216;Pope 2 you&#8217;, (cinque milioni di accessi)\u00a0 completamente   rinnovato. \u00c8 il Sito che il Pontificio Consiglio ha realizzato, da qualche   tempo, per accompagnare le centinaia di migliaia di giovani di ogni   Continente che desiderano seguire da vicino il Papa, ascoltare la sua parola,   entrare, in certo senso, in dialogo con lui. Un sito che ha raggiunto i   cinque milioni di accessi&#8221;<\/p>\n<p style=\"text-align: justify;\">&#8220;Il Secondo progetto&#8221; &#8211;   ha proseguito l&#8217;Arcivescovo Celli &#8211; &#8220;a cui abbiamo cominciato a   lavorare, \u00e8 la creazione di un nuovo portale che vedr\u00e0 confluire, in maniera   anche multimediale, le varie fonti di notizie vaticane&#8221;.<\/p>\n<p style=\"text-align: justify;\">Nel suo intervento Padre   Lombardi ha spiegato che la nuova regia mobile &#8220;rappresenta certamente   il maggior investimento compiuto dal CTV negli ultimi anni, e forse nella sua   intera storia che conta poco pi\u00f9 di 25 anni, essendo iniziata nel 1983 per   volere di Giovanni   Paolo II. \u00c8 quindi una buona occasione per richiamare quali sono le finalit\u00e0,   le funzioni e i criteri di orientamento dell&#8217;attivit\u00e0 di questa istituzione   di comunicazioni sociali della Santa    Sede&#8221;.<\/p>\n<p style=\"text-align: justify;\">&#8220;Compito del Centro   Televisivo Vaticano&#8221; &#8211; ha proseguito Padre Lombardi &#8211; &#8220;come   dice il suo Statuto &#8211; \u00e8 di assicurare la ripresa e la registrazione   televisiva delle attivit\u00e0 del Santo Padre e degli altri avvenimenti   principali che hanno luogo nel Vaticano (&#8230;) e costituire l&#8217;archivio di   tutte queste immagini, sia a scopo di documentazione, sia a scopo di   produzione di servizi informativi, documentari ecc. Tutto ci\u00f2 naturalmente   per servire la missione della Chiesa, facendo conoscere l&#8217;attivit\u00e0 e l&#8217;insegnamento   del Santo Padre&#8221;.<\/p>\n<p style=\"text-align: justify;\">&#8220;Farlo bene richiede   capacit\u00e0 operativa e qualit\u00e0 di offerta, adeguate agli sviluppi delle   comunicazioni televisive e in generale dell&#8217;uso odierno del video, ad esempio   nella Rete. Se non mantenessimo un livello adeguato di capacit\u00e0 e qualit\u00e0 di   offerta ostacoleremmo di fatto la diffusione delle immagini e quindi del   messaggio del Papa&#8221;.<\/p>\n<p style=\"text-align: justify;\">&#8220;Negli anni recenti il CTV   ha allargato molto l&#8217;uso della diretta, che permette tempestivit\u00e0 di   informazione e vastit\u00e0 di diffusione&#8221;. Oggi sommando le dirette dalle   grandi celebrazioni in Piazza San Pietro, gli Angelus, le Udienze generali e   speciali, i Concerti in Aula Paolo VI o nelle Basiliche, &#8220;arriviamo a   una media di 200 dirette e oltre l&#8217;anno&#8221;.<\/p>\n<p style=\"text-align: justify;\">Occorre aggiungere che la   maggior parte dei documentari di qualit\u00e0 si realizzano in alta definizione e   i canali che trasmettono in alta definizione sono sempre pi\u00f9 numerosi per cui   per il CTV l&#8217;adozione di questo sistema &#8220;era una scelta obbligata. (&#8230;)   Non potevamo non farla. Se no l&#8217;immagine del Papa nei prossimi anni sarebbe   gradualmente uscita dal mondo televisivo&#8221;.<\/p>\n<p style=\"text-align: justify;\">La spesa \u00e8 stata coperta con tre   contributi: la Sony, che ha fatto condizioni di favore. La Fondazione Cavalieri   di Colombo che ha offerto un contributo considerevole. &#8220;Il CTV stesso si   era preparato a questa impresa da diversi anni accumulando gradualmente i   frutti dei risultati positivi dei bilanci annuali&#8221;, ha concluso Padre   Lombardi.<\/p>\n<p style=\"text-align: justify;\">Il Professor Carl Anderson ha   spiegato che la nuova unit\u00e0 di regia mobile ad alta definizione &#8220;rappresenta   il pi\u00f9 recente sviluppo nella lunga storia della Chiesa Cattolica nella   comunicazione di massa&#8221; e i Cavalieri di Colombo &#8220;sono lieti di   poter sostenere il grande lavoro di comunicazione del Vaticano&#8221;, con la   speranza &#8220;di raggiungere dal Vaticano gli angoli pi\u00f9 lontani di questa   citt\u00e0, dell&#8217;Italia e del mondo&#8221;.<\/p>\n<p style=\"text-align: justify;\">Gildas Pelliet ha precisato che &#8220;il   mezzo mobile \u00e8 un truck di 13,9    metri di lunghezza, (&#8230;) suddiviso in 4 aree operative,   ovvero zona audio, sala apparati, regia primaria e regia secondaria VTR e   controllo camere. Le 16 videocamere impiegate hanno connessione in fibra   ottica in alta definizione&#8221;.<\/p>\n<p style=\"text-align: justify;\">OP\/\u00a0  VIS 20101116 (740)<\/p>\n","protected":false},"excerpt":{"rendered":"<p>Nuova regia mobile ad alta definizione del ctv CITTA&#8217; DEL VATICANO, 16 NOV. 2010 (VIS). &#8220;Nuove tecnologie al servizio delle comunicazioni della Santa Sede&#8221; \u00e8 stato il tema della Conferenza Stampa di presentazione della nuova Regia mobile del Centro Televisivo Vaticano per riprese televisive in Alta Definizione che da ora in poi sar\u00e0 impiegato dal&#8230;<\/p>\n","protected":false},"author":3,"featured_media":0,"comment_status":"closed","ping_status":"closed","sticky":false,"template":"","format":"standard","meta":{"_kad_post_transparent":"","_kad_post_title":"","_kad_post_layout":"","_kad_post_sidebar_id":"","_kad_post_content_style":"","_kad_post_vertical_padding":"","_kad_post_feature":"","_kad_post_feature_position":"","_kad_post_header":false,"_kad_post_footer":false,"_kad_post_classname":"","footnotes":""},"categories":[100,161],"tags":[9,113],"class_list":["post-231347","post","type-post","status-publish","format-standard","hentry","category-100","category-televisione","tag-vaticano","tag-video"],"_links":{"self":[{"href":"https:\/\/archivio.cercoiltuovolto.it\/index.php?rest_route=\/wp\/v2\/posts\/231347","targetHints":{"allow":["GET"]}}],"collection":[{"href":"https:\/\/archivio.cercoiltuovolto.it\/index.php?rest_route=\/wp\/v2\/posts"}],"about":[{"href":"https:\/\/archivio.cercoiltuovolto.it\/index.php?rest_route=\/wp\/v2\/types\/post"}],"author":[{"embeddable":true,"href":"https:\/\/archivio.cercoiltuovolto.it\/index.php?rest_route=\/wp\/v2\/users\/3"}],"replies":[{"embeddable":true,"href":"https:\/\/archivio.cercoiltuovolto.it\/index.php?rest_route=%2Fwp%2Fv2%2Fcomments&post=231347"}],"version-history":[{"count":0,"href":"https:\/\/archivio.cercoiltuovolto.it\/index.php?rest_route=\/wp\/v2\/posts\/231347\/revisions"}],"wp:attachment":[{"href":"https:\/\/archivio.cercoiltuovolto.it\/index.php?rest_route=%2Fwp%2Fv2%2Fmedia&parent=231347"}],"wp:term":[{"taxonomy":"category","embeddable":true,"href":"https:\/\/archivio.cercoiltuovolto.it\/index.php?rest_route=%2Fwp%2Fv2%2Fcategories&post=231347"},{"taxonomy":"post_tag","embeddable":true,"href":"https:\/\/archivio.cercoiltuovolto.it\/index.php?rest_route=%2Fwp%2Fv2%2Ftags&post=231347"}],"curies":[{"name":"wp","href":"https:\/\/api.w.org\/{rel}","templated":true}]}}