{"id":231327,"date":"2010-11-13T11:28:17","date_gmt":"2010-11-13T11:28:17","guid":{"rendered":"https:\/\/archivio.cercoiltuovolto.it\/?p=231327"},"modified":"2010-11-13T11:28:17","modified_gmt":"2010-11-13T11:28:17","slug":"vita-che-rinasce-11-novembre-2010-dalla-solitudine-allincontro","status":"publish","type":"post","link":"https:\/\/archivio.cercoiltuovolto.it\/?p=231327","title":{"rendered":"Vita che rinasce &#8211; 11 novembre 2010 &#8211; dalla solitudine all&#8217;incontro"},"content":{"rendered":"<p style=\"text-align: center;\"><img loading=\"lazy\" decoding=\"async\" class=\"aligncenter size-medium wp-image-14752\" title=\"Vita che rinasce\" src=\"http:\/\/www.cercoiltuovolto.it\/\/wp-content\/uploads\/2010\/11\/vcr-framed-355x300.jpg\" alt=\"\" width=\"355\" height=\"300\" \/><\/p>\n<p style=\"text-align: justify;\">E&#8217; ripartita la trasmissione tv di Telepace &#8220;<em>Vita che rinasce<\/em>&#8221; alla quale vi parteciper\u00e0 attivamente la comunit\u00e0 Nuovi Orizzonti (dove \u00e8 possibile guardare anche le puntate precedenti).<\/p>\n<p><strong>Qui di seguito, la puntata dell&#8217;11 novembre.<\/strong><\/p>\n<p style=\"text-align: center;\">\n","protected":false},"excerpt":{"rendered":"<p>E&#8217; ripartita la trasmissione tv di Telepace &#8220;Vita che rinasce&#8221; alla quale vi parteciper\u00e0 attivamente la comunit\u00e0 Nuovi Orizzonti (dove \u00e8 possibile guardare anche le puntate precedenti). Qui di seguito, la puntata dell&#8217;11 novembre.<\/p>\n","protected":false},"author":3,"featured_media":0,"comment_status":"closed","ping_status":"closed","sticky":false,"template":"","format":"standard","meta":{"_kad_post_transparent":"","_kad_post_title":"","_kad_post_layout":"","_kad_post_sidebar_id":"","_kad_post_content_style":"","_kad_post_vertical_padding":"","_kad_post_feature":"","_kad_post_feature_position":"","_kad_post_header":false,"_kad_post_footer":false,"_kad_post_classname":"","footnotes":""},"categories":[100,149],"tags":[24,113],"class_list":["post-231327","post","type-post","status-publish","format-standard","hentry","category-100","category-interviste","tag-televisione","tag-video"],"_links":{"self":[{"href":"https:\/\/archivio.cercoiltuovolto.it\/index.php?rest_route=\/wp\/v2\/posts\/231327","targetHints":{"allow":["GET"]}}],"collection":[{"href":"https:\/\/archivio.cercoiltuovolto.it\/index.php?rest_route=\/wp\/v2\/posts"}],"about":[{"href":"https:\/\/archivio.cercoiltuovolto.it\/index.php?rest_route=\/wp\/v2\/types\/post"}],"author":[{"embeddable":true,"href":"https:\/\/archivio.cercoiltuovolto.it\/index.php?rest_route=\/wp\/v2\/users\/3"}],"replies":[{"embeddable":true,"href":"https:\/\/archivio.cercoiltuovolto.it\/index.php?rest_route=%2Fwp%2Fv2%2Fcomments&post=231327"}],"version-history":[{"count":0,"href":"https:\/\/archivio.cercoiltuovolto.it\/index.php?rest_route=\/wp\/v2\/posts\/231327\/revisions"}],"wp:attachment":[{"href":"https:\/\/archivio.cercoiltuovolto.it\/index.php?rest_route=%2Fwp%2Fv2%2Fmedia&parent=231327"}],"wp:term":[{"taxonomy":"category","embeddable":true,"href":"https:\/\/archivio.cercoiltuovolto.it\/index.php?rest_route=%2Fwp%2Fv2%2Fcategories&post=231327"},{"taxonomy":"post_tag","embeddable":true,"href":"https:\/\/archivio.cercoiltuovolto.it\/index.php?rest_route=%2Fwp%2Fv2%2Ftags&post=231327"}],"curies":[{"name":"wp","href":"https:\/\/api.w.org\/{rel}","templated":true}]}}