{"id":231312,"date":"2010-11-11T17:27:14","date_gmt":"2010-11-11T17:27:14","guid":{"rendered":"https:\/\/archivio.cercoiltuovolto.it\/?p=231312"},"modified":"2010-11-11T17:27:14","modified_gmt":"2010-11-11T17:27:14","slug":"commento-al-vangelo-del-14-novembre-2010-don-mauro-pozzi","status":"publish","type":"post","link":"https:\/\/archivio.cercoiltuovolto.it\/?p=231312","title":{"rendered":"Commento al Vangelo del 14 novembre 2010 &#8211; don Mauro Pozzi"},"content":{"rendered":"<p style=\"text-align: center;\"><a href=\"http:\/\/www.cercoiltuovolto.it\/\/wp-content\/uploads\/2010\/11\/pozzi.png\"><img loading=\"lazy\" decoding=\"async\" class=\"aligncenter size-full wp-image-14730\" style=\"border: 0pt none;\" title=\"don Mauro Pozzi\" src=\"http:\/\/www.cercoiltuovolto.it\/\/wp-content\/uploads\/2010\/11\/pozzi.png\" alt=\"\" width=\"480\" height=\"156\" \/><\/a><\/p>\n<p style=\"text-align: justify;\">Il commento al Vangelo della domenica a cura di don Mauro Pozzi parrocco della Parrocchia S. Giovanni Battista, Novara.<\/p>\n<p style=\"text-align: center;\">[oembed] {&#8220;url&#8221;:&#8221;http:\/\/www.youtube.com\/watch?v=8nROTbjVNMs&#8221;, &#8220;width&#8221;:480, &#8220;height&#8221;:360} [\/oembed]<\/p>\n<p class=\"download\" style=\"text-align: left;\">[download id=&#8221;110&#8243;]<\/p>\n<blockquote>\n<p style=\"text-align: justify;\"><strong>TEMPIO VIVO<\/strong><br \/>\nOggi in Piemonte si celebra la festa della dedicazione della chiesa locale. Non sappiamo con precisione quando la nostra chiesa fu dedicata, ma che fu eretta parrocchia nel 1620 dal Cardinal Federico Borromeo: Da- gnente era, al tempo, parte della Diocesi di Milano. Il vangelo che leg- giamo oggi parla invece della distruzione del tempio, ma ci offre uno spunto molto interessante per riflettere sul nostro essere chiesa. I ro- mani, nel 70 d.C., ad opera di Tito, stanchi dei continui fermenti dei giudei, decisero di colpirli al cuore, pensando di distruggere la loro iden- tit\u00e0 nazionale. Il cuore era senza dubbio il tempio di Gerusalemme, ricco e magnifico, che si ergeva sulla cima del monte Moria, dove Abramo sta- va per sacrificare Isacco. I soldati dell\u2019impero fecero un lavoro molto ac- curato demolendo il tempio fino alle fondamenta. Ancora oggi si possono vedere, all\u2019estremit\u00e0 di quello che divenne il muro del pianto, i grandi blocchi di pietra che gettarono gi\u00f9 dalla spianata. Come sappiamo i ro- mani non distrussero affatto l\u2019ebraismo, che anzi sopravvisse per pi\u00f9 di 1800 anni senza una terra. La patria e il tempio degli ebrei fu in quei 18 secoli, come lo \u00e8 ancora oggi, la Tor\u00e0, la legge. Anche i cristiani, che alle origini erano tutti ebrei, furono perseguitati e per questo iniziarono a predicare il vangelo nel mondo conquistando in pochi anni l\u2019intero Medi- terraneo. Essere cristiani in quei primi secoli era molto pericoloso, non pochi furono uccisi, imprigionati o esiliati, eppure non ebbero paura di testimoniare la loro fede. Infatti martire vuol dire testimone. Allora non c\u2019erano templi fatti di pietra, al massimo ci si riuniva in case private, la vera chiesa era un edificio spirituale fatto di pietre vive, cio\u00e8 di fedeli. Oggi noi abbiamo la nostra bellissima parrocchia che domina il lago, ma le pietre vive ci sono ancora? Abbiamo il coraggio di testimoniare la nostra fede fuori, tra le persone che incontriamo ogni giorno? Mentre celebriamo con gratitudine la dedicazione del nostro tempio, il Signore ci invita a non farci impaurire dalle molte voci che si levano contro la Chiesa, ma a essere perseveranti, perch\u00e9 \u00e8 l\u2019anima immortale, pi\u00f9 che il corpo che muore, che dobbiamo salvare.<\/p>\n<\/blockquote>\n","protected":false},"excerpt":{"rendered":"<p>Il commento al Vangelo della domenica a cura di don Mauro Pozzi parrocco della Parrocchia S. Giovanni Battista, Novara. [oembed] {&#8220;url&#8221;:&#8221;http:\/\/www.youtube.com\/watch?v=8nROTbjVNMs&#8221;, &#8220;width&#8221;:480, &#8220;height&#8221;:360} [\/oembed] [download id=&#8221;110&#8243;] TEMPIO VIVO Oggi in Piemonte si celebra la festa della dedicazione della chiesa locale. Non sappiamo con precisione quando la nostra chiesa fu dedicata, ma che fu eretta parrocchia&#8230;<\/p>\n","protected":false},"author":3,"featured_media":0,"comment_status":"closed","ping_status":"closed","sticky":false,"template":"","format":"standard","meta":{"_kad_post_transparent":"","_kad_post_title":"","_kad_post_layout":"","_kad_post_sidebar_id":"","_kad_post_content_style":"","_kad_post_vertical_padding":"","_kad_post_feature":"","_kad_post_feature_position":"","_kad_post_header":false,"_kad_post_footer":false,"_kad_post_classname":"","footnotes":""},"categories":[100,147],"tags":[388,172,83],"class_list":["post-231312","post","type-post","status-publish","format-standard","hentry","category-100","category-commento-al-vangelo","tag-don-mauro-pozzi","tag-vangelo-della-domenica","tag-youtube"],"_links":{"self":[{"href":"https:\/\/archivio.cercoiltuovolto.it\/index.php?rest_route=\/wp\/v2\/posts\/231312","targetHints":{"allow":["GET"]}}],"collection":[{"href":"https:\/\/archivio.cercoiltuovolto.it\/index.php?rest_route=\/wp\/v2\/posts"}],"about":[{"href":"https:\/\/archivio.cercoiltuovolto.it\/index.php?rest_route=\/wp\/v2\/types\/post"}],"author":[{"embeddable":true,"href":"https:\/\/archivio.cercoiltuovolto.it\/index.php?rest_route=\/wp\/v2\/users\/3"}],"replies":[{"embeddable":true,"href":"https:\/\/archivio.cercoiltuovolto.it\/index.php?rest_route=%2Fwp%2Fv2%2Fcomments&post=231312"}],"version-history":[{"count":0,"href":"https:\/\/archivio.cercoiltuovolto.it\/index.php?rest_route=\/wp\/v2\/posts\/231312\/revisions"}],"wp:attachment":[{"href":"https:\/\/archivio.cercoiltuovolto.it\/index.php?rest_route=%2Fwp%2Fv2%2Fmedia&parent=231312"}],"wp:term":[{"taxonomy":"category","embeddable":true,"href":"https:\/\/archivio.cercoiltuovolto.it\/index.php?rest_route=%2Fwp%2Fv2%2Fcategories&post=231312"},{"taxonomy":"post_tag","embeddable":true,"href":"https:\/\/archivio.cercoiltuovolto.it\/index.php?rest_route=%2Fwp%2Fv2%2Ftags&post=231312"}],"curies":[{"name":"wp","href":"https:\/\/api.w.org\/{rel}","templated":true}]}}