{"id":231298,"date":"2010-11-10T10:50:33","date_gmt":"2010-11-10T10:50:33","guid":{"rendered":"https:\/\/archivio.cercoiltuovolto.it\/?p=231298"},"modified":"2010-11-10T10:50:33","modified_gmt":"2010-11-10T10:50:33","slug":"commento-al-vangelo-del-14-novembre-2010-don-domenico-luciani","status":"publish","type":"post","link":"https:\/\/archivio.cercoiltuovolto.it\/?p=231298","title":{"rendered":"Commento al Vangelo del 14 novembre 2010 &#8211; don Domenico Luciani"},"content":{"rendered":"<p style=\"text-align: center;\"><img loading=\"lazy\" decoding=\"async\" class=\"aligncenter size-full wp-image-14738\" title=\"Commento al Vangelo di don Domenico Luciani\" src=\"http:\/\/www.cercoiltuovolto.it\/\/wp-content\/uploads\/2010\/11\/luciani.png\" alt=\"\" width=\"476\" height=\"132\" \/><\/p>\n<p>Commento al Vangelo della XXXIII Domenica del Tempo Ordinario a cura di don Domenico Luciani della <a href=\"http:\/\/www.sabinasantacroce.org\/\">Parrocchia Santa Croce a Passo Corese<\/a> (RI).<\/p>\n<blockquote style=\"text-align: justify;\"><p><em>Lc 21, 5-19<\/em><br \/>\n<em>Dal Vangelo secondo\u00a0Luca<\/em><\/p>\n<p>In quel tempo, mentre alcuni parlavano del tempio, che era ornato di belle pietre e di doni votivi, Ges\u00f9 disse: \u00abVerranno giorni nei quali, di quello che vedete, non sar\u00e0 lasciata pietra su pietra che non sar\u00e0 distrutta\u00bb.<br \/>\n Gli domandarono: \u00abMaestro, quando dunque accadranno queste cose e quale sar\u00e0 il segno, quando esse staranno per accadere?\u00bb. Rispose: \u00abBadate di non lasciarvi ingannare. Molti infatti verranno nel mio nome dicendo: \u201cSono io\u201d, e: \u201cIl tempo \u00e8 vicino\u201d. Non andate dietro a loro! Quando sentirete di guerre e di rivoluzioni, non vi terrorizzate, perch\u00e9 prima devono avvenire queste cose, ma non \u00e8 subito la fine\u00bb.<br \/>\n Poi diceva loro: \u00abSi sollever\u00e0 nazione contro nazione e regno contro regno, e vi saranno in diversi luoghi terremoti, carestie e pestilenze; vi saranno anche fatti terrificanti e segni grandiosi dal cielo.<br \/>\n Ma prima di tutto questo metteranno le mani su di voi e vi perseguiteranno, consegnandovi alle sinagoghe e alle prigioni, trascinandovi davanti a re e governatori, a causa del mio nome. Avrete allora occasione di dare testimonianza. Mettetevi dunque in mente di non preparare prima la vostra difesa; io vi dar\u00f2 parola e sapienza, cosicch\u00e9 tutti i vostri avversari non potranno resistere n\u00e9 controbattere.<br \/>\n Sarete traditi perfino dai genitori, dai fratelli, dai parenti e dagli amici, e uccideranno alcuni di voi; sarete odiati da tutti a causa del mio nome. Ma nemmeno un capello del vostro capo andr\u00e0 perduto.<br \/>\n Con la vostra perseveranza salverete la vostra vita\u00bb.<\/p>\n<p>C: Parola del Signore.<br \/>\nA: Lode a Te o Cristo.<\/p><\/blockquote>\n<p style=\"text-align: center;\">[oembed] {&#8220;url&#8221;:&#8221;http:\/\/www.youtube.com\/watch?v=i4UBwZFpbXc&#8221;, &#8220;width&#8221;:480, &#8220;height&#8221;:360} [\/oembed]<\/p>\n<p class=\"download\" style=\"text-align: left;\">[download id=&#8221;109&#8243;]<\/p>\n<p class=\"link\">Sito web: <a href=\"http:\/\/www.sabinasantacroce.org\">Parrocchia Santa Croce<\/a><\/p>\n<p><br class=\"spacer_\" \/><\/p>\n","protected":false},"excerpt":{"rendered":"<p>Commento al Vangelo della XXXIII Domenica del Tempo Ordinario a cura di don Domenico Luciani della Parrocchia Santa Croce a Passo Corese (RI). Lc 21, 5-19 Dal Vangelo secondo\u00a0Luca In quel tempo, mentre alcuni parlavano del tempio, che era ornato di belle pietre e di doni votivi, Ges\u00f9 disse: \u00abVerranno giorni nei quali, di quello&#8230;<\/p>\n","protected":false},"author":3,"featured_media":0,"comment_status":"closed","ping_status":"closed","sticky":false,"template":"","format":"standard","meta":{"_kad_post_transparent":"","_kad_post_title":"","_kad_post_layout":"","_kad_post_sidebar_id":"","_kad_post_content_style":"","_kad_post_vertical_padding":"","_kad_post_feature":"","_kad_post_feature_position":"","_kad_post_header":false,"_kad_post_footer":false,"_kad_post_classname":"","footnotes":""},"categories":[100,147],"tags":[172,83],"class_list":["post-231298","post","type-post","status-publish","format-standard","hentry","category-100","category-commento-al-vangelo","tag-vangelo-della-domenica","tag-youtube"],"_links":{"self":[{"href":"https:\/\/archivio.cercoiltuovolto.it\/index.php?rest_route=\/wp\/v2\/posts\/231298","targetHints":{"allow":["GET"]}}],"collection":[{"href":"https:\/\/archivio.cercoiltuovolto.it\/index.php?rest_route=\/wp\/v2\/posts"}],"about":[{"href":"https:\/\/archivio.cercoiltuovolto.it\/index.php?rest_route=\/wp\/v2\/types\/post"}],"author":[{"embeddable":true,"href":"https:\/\/archivio.cercoiltuovolto.it\/index.php?rest_route=\/wp\/v2\/users\/3"}],"replies":[{"embeddable":true,"href":"https:\/\/archivio.cercoiltuovolto.it\/index.php?rest_route=%2Fwp%2Fv2%2Fcomments&post=231298"}],"version-history":[{"count":0,"href":"https:\/\/archivio.cercoiltuovolto.it\/index.php?rest_route=\/wp\/v2\/posts\/231298\/revisions"}],"wp:attachment":[{"href":"https:\/\/archivio.cercoiltuovolto.it\/index.php?rest_route=%2Fwp%2Fv2%2Fmedia&parent=231298"}],"wp:term":[{"taxonomy":"category","embeddable":true,"href":"https:\/\/archivio.cercoiltuovolto.it\/index.php?rest_route=%2Fwp%2Fv2%2Fcategories&post=231298"},{"taxonomy":"post_tag","embeddable":true,"href":"https:\/\/archivio.cercoiltuovolto.it\/index.php?rest_route=%2Fwp%2Fv2%2Ftags&post=231298"}],"curies":[{"name":"wp","href":"https:\/\/api.w.org\/{rel}","templated":true}]}}