{"id":231285,"date":"2010-11-08T17:32:23","date_gmt":"2010-11-08T17:32:23","guid":{"rendered":"https:\/\/archivio.cercoiltuovolto.it\/?p=231285"},"modified":"2010-11-08T17:32:23","modified_gmt":"2010-11-08T17:32:23","slug":"la-domenica-dei-bambini-14-novembre-2010-xxxiii-dom-t-ord","status":"publish","type":"post","link":"https:\/\/archivio.cercoiltuovolto.it\/?p=231285","title":{"rendered":"La Domenica dei Bambini &#8211; 14 novembre 2010 &#8211; XXXIII dom. T. Ord."},"content":{"rendered":"<p style=\"text-align: center;\"><a href=\"http:\/\/www.cercoiltuovolto.it\/\/wp-content\/uploads\/2010\/11\/cartoncino.jpg\"><img loading=\"lazy\" decoding=\"async\" class=\"size-medium wp-image-14904 aligncenter\" style=\"border: 0pt none;\" title=\"Cartoncino\" src=\"http:\/\/www.cercoiltuovolto.it\/\/wp-content\/uploads\/2010\/11\/cartoncino-470x239.jpg\" alt=\"\" width=\"470\" height=\"239\" \/><\/a><\/p>\n<p style=\"text-align: justify;\"><strong>Il Tempo Ordinario<\/strong>. \u00abOltre ai tempi che hanno proprie caratteristiche, ci sono trentatr\u00e9 o trentaquattro settimane durante il corso dell&#8217;anno, le quali sono destinate non a celebrare un particolare aspetto dei mistero di Cristo, ma nelle quali tale mistero \u00e8 piuttosto venerato nella sua globalit\u00e0, specialmente nelle domeniche. Questo periodo si chiama Tempo Ordinario. Comincia il luned\u00ec che segue alla domenica dopo il 6 gennaio e si protrae fino al marted\u00ec prima della Quaresima; riprende poi con il luned\u00ec dopo la Pentecoste per terminare prima dei primi Vespri della I domenica di Avvento\u00bb (Norme Generali per l\u2019ordinamento dell\u2019Anno Liturgico e del Calendario 1969, nn. 43-44).<\/p>\n<p style=\"text-align: justify;\">Nelle celebrazione delle domeniche del <strong>Tempo Ordinario del ciclo C si legge il Vangelo di Luca<\/strong>.<\/p>\n<h3 style=\"text-align: justify;\">INIZIO CELEBRAZIONE<\/h3>\n<p style=\"text-align: justify;\">Nel tempo \u2018ordinario\u2019 si pu\u00f2, alcune volte, iniziare la celebrazione senza processioni particolari. \u00c8 bene farlo notare ai bambini, anche agli adulti!<\/p>\n<p style=\"text-align: justify;\">Invitiamo i bambini a fare bene l\u2019atto penitenziale. Il celebrante pu\u00f2 variare la formula, importante sia semplice. \u00c8 anche molto interessante far cantare ai bambini il Gloria insieme a tutta la comunit\u00e0, dopo i bambini e i ragazzi escono per la loro attivit\u00e0 domenicale.<\/p>\n<h3 style=\"text-align: justify;\">PROCLAMAZIONE DEL VANGELO<\/h3>\n<p style=\"text-align: justify;\">\u00c8 il momento importante e dobbiamo celebrarlo il meglio possibile.<\/p>\n<p style=\"text-align: justify;\">Prepariamo i bambini ad ascoltare la  parola di Ges\u00f9 (Vangelo)  e chiediamo loro di:<\/p>\n<ul>\n<li>Fare silenzio e stare bene in piedi<\/li>\n<li>Acclamare con il canto ALLELUIA! prima di ascoltare la Parola di Ges\u00f9<\/li>\n<li>Fare i tre piccoli segni di croce mentre rispondono GLORIA A TE, SIGNORE alla proclamazione dell\u2019animatrice: DAL VANGELO SECONDO\u2026<\/li>\n<\/ul>\n<p style=\"text-align: justify;\">Raccomandiamo di  non utilizzare  foglietti, ma un Evangelario o un Lezionario. Alla fine della lettura, l\u2019animatrice bacia il Lezionario e chiede ai bambini di fare lo stesso.<\/p>\n<p style=\"text-align: justify;\">Tutti questi atteggiamenti e gesti, compiuti bene, aiuteranno i bambini a capire l\u2019importanza della Parola di Ges\u00f9 che ascoltiamo nel Vangelo!<\/p>\n<blockquote style=\"text-align: justify;\"><p><strong>IL VANGELO (Lc 21,5-19)<\/strong><\/p><\/blockquote>\n<blockquote style=\"text-align: justify;\"><p><em>Dal Vangelo di Ges\u00f9 Cristo secondo san Luca <br \/>\nGloria a te, Signore!<\/em><br \/>\n Alcune persone parlavano del Tempio e ne ammiravano la bellezza.<br \/>\n Ges\u00f9 disse loro: \u00abVerr\u00e0 un giorno in cui sar\u00e0 distrutto e non ne rester\u00e0 pietra su pietra\u00bb.<br \/>\n Allora gli domandarono: \u00abMaestro, quando accadr\u00e0 questo? E come potremo saperlo?\u00bb.<br \/>\n Ges\u00f9 rispose: \u00abFate attenzione! Non lasciatevi ingannare! Molti verranno e si presenteranno col mio nome. Diranno: \u201cSono io il Messia!\u201d. Non seguiteli! Sentirete parlare di guerre e di rivoluzioni. Non abbiate paura!<br \/>\n Tutto questo deve accadere, ma non sar\u00e0 subito la fine. [&#8230;]<br \/>\n Prima vi arresteranno, vi perseguiteranno, sarete giudicati e messi in prigione a causa del mio nome. Allora potrete essere miei testimoni.<br \/>\n Mettetevi bene in testa questo: non preparate prima la vostra difesa.<br \/>\n Vi dar\u00f2 io le parole di sapienza tali che i vostri avversari non riusciranno a controbattere. Sarete odiati a causa del mio nome, ma neanche un capello del vostro capo andr\u00e0 perduto. Perseverate e salverete voi stessi\u00bb.<br \/>\n Parola del Signore. Lode a te, o Cristo.<\/p><\/blockquote>\n<h3 style=\"text-align: justify;\">PER LA RIFLESSIONE<\/h3>\n<p style=\"text-align: justify;\">Il vangelo \u00e8 difficile per i bambini. Noi pensiamo sia opportuno concentrarci su alcune espressioni di Ges\u00f9:<\/p>\n<ul>\n<li>Non abbiate paura <\/li>\n<li>Allora sarete miei testimoni <\/li>\n<li>Perseverate e salverete voi stessi <\/li>\n<\/ul>\n<p style=\"text-align: justify;\">Che cosa significa avere fiducia in Ges\u00f9?<\/p>\n<ul>\n<li>Non siate bambini e bambine paurosi. Chi si fida di Ges\u00f9 non ha paura, come quando ci sono pap\u00e0 e mamma e tu non hai paura \u2026 <\/li>\n<li>Cercate di comportarvi bene, da bambini e bambine che vogliono costruire un mondo bello. Questo significa che dobbiamo trattarci bene, rispettarci<\/li>\n<li>Non solo un giorno alla settimana, ma tutti i giorni (perseverare!). <\/li>\n<\/ul>\n<p style=\"text-align: justify;\"><em>Ges\u00f9 ci dice: Non ascoltate gli imbroglioni! Ascoltate quelli che vi vogliono veramente bene: pap\u00e0 e mamma, nonni \u2026 maestri.<\/em><\/p>\n<h3 style=\"text-align: justify;\">ATTIVIT\u00c0<\/h3>\n<p style=\"text-align: justify;\">Chiediamo alle animatrici o animatori di prende visione di ci\u00f2 che hanno a disposizione e di decidere ci\u00f2 che \u2018possono\u2019 fare bene nel tempo a loro disposizione. Non sempre si riesce a fare tutto!!<\/p>\n<p style=\"text-align: justify;\"><strong>Bambine e bambini di pace<\/strong><br \/>\n <a href=\"http:\/\/www.elledici.org\/liturgia\/bambini\/dwl\/Gesti%20di%20pace.pdf\">Scaricare l\u2019allegato Gesti di pace e distribuirlo ai bambini<\/a>.<\/p>\n<p style=\"text-align: justify;\">Chiediamo ai bambini di cancellare con una croce le scenette in cui non c\u2019\u00e8 pace e di colorare con colori gioiosi le scenette di pace<\/p>\n<p style=\"text-align: justify;\"><strong>Una preghiera di fiducia<\/strong> <br \/>\n <a href=\"http:\/\/www.elledici.org\/liturgia\/bambini\/dwl\/Cartoncino%20preghiera.pdf\">Scaricate l\u2019allegato Cartoncino preghiera<\/a> ed eseguite le indicazioni che sono suggerite.<\/p>\n<p style=\"text-align: justify;\"><strong>Cantiamo insieme<\/strong><\/p>\n<p style=\"text-align: justify;\">Nel nostro gruppo, abbiamo preso la decisione di far cantare i bambini. A loro piace (li ripetono a casa) e ci siamo accorti che sono contenti quando cantano insieme a tutta la gente e il coro.<\/p>\n<p style=\"text-align: justify;\">Noi vi proponiamo:<\/p>\n<p style=\"text-align: justify;\"><em>Gioia nel cuore<\/em>, tratto da <a href=\"http:\/\/www.elledici.org\/it\/libreria\/dettaglio.php?CODICE=18104&amp;AREA=liturgia\">La Famiglia cristiana nella casa del Padre<\/a>, n. 648. Ascolta il canto in Mp3.<\/p>\n<div class=\"powerpressbox\" style=\"text-align: justify;\">[powerpress]<\/div>\n<p style=\"text-align: justify;\">I bambini possono imparare solo il ritornello. Se non conoscete il canto, vi invitiamo ad utilizzare l&#8217;mp3 per ascoltarlo e impararlo.<\/p>\n<p style=\"text-align: justify;\">Si pu\u00f2 scegliere anche uno dei canti proposti in <a href=\"http:\/\/www.elledici.org\/liturgia\/canti\/c_ordinario_31.php\">Canti a Messa<\/a>.<\/p>\n<p style=\"text-align: justify;\">I bambini tornano nella comunit\u00e0 degli adulti che sta celebrando l\u2019Eucaristia, prima del Padre nostro. La comunit\u00e0 domenicale si ricompone! Tutti portano la loro attivit\u00e0 e aiutati dal sacerdote \u2018spiegano\u2019 quello che hanno fatto.<\/p>\n<p class=\"link\" style=\"text-align: justify;\">Fonte: <a href=\"http:\/\/www.elledici.org\/liturgia\/bambini\/c_ordinario_33.php\">Editrice Elledici<\/a><\/p>\n","protected":false},"excerpt":{"rendered":"<p>Il Tempo Ordinario. \u00abOltre ai tempi che hanno proprie caratteristiche, ci sono trentatr\u00e9 o trentaquattro settimane durante il corso dell&#8217;anno, le quali sono destinate non a celebrare un particolare aspetto dei mistero di Cristo, ma nelle quali tale mistero \u00e8 piuttosto venerato nella sua globalit\u00e0, specialmente nelle domeniche. Questo periodo si chiama Tempo Ordinario. Comincia&#8230;<\/p>\n","protected":false},"author":3,"featured_media":0,"comment_status":"closed","ping_status":"closed","sticky":false,"template":"","format":"standard","meta":{"_kad_post_transparent":"","_kad_post_title":"","_kad_post_layout":"","_kad_post_sidebar_id":"","_kad_post_content_style":"","_kad_post_vertical_padding":"","_kad_post_feature":"","_kad_post_feature_position":"","_kad_post_header":false,"_kad_post_footer":false,"_kad_post_classname":"","footnotes":""},"categories":[100,290],"tags":[5,380,38],"class_list":["post-231285","post","type-post","status-publish","format-standard","hentry","category-100","category-bambini","tag-commento-al-vangelo","tag-in-evidenza","tag-musica-e-fede"],"_links":{"self":[{"href":"https:\/\/archivio.cercoiltuovolto.it\/index.php?rest_route=\/wp\/v2\/posts\/231285","targetHints":{"allow":["GET"]}}],"collection":[{"href":"https:\/\/archivio.cercoiltuovolto.it\/index.php?rest_route=\/wp\/v2\/posts"}],"about":[{"href":"https:\/\/archivio.cercoiltuovolto.it\/index.php?rest_route=\/wp\/v2\/types\/post"}],"author":[{"embeddable":true,"href":"https:\/\/archivio.cercoiltuovolto.it\/index.php?rest_route=\/wp\/v2\/users\/3"}],"replies":[{"embeddable":true,"href":"https:\/\/archivio.cercoiltuovolto.it\/index.php?rest_route=%2Fwp%2Fv2%2Fcomments&post=231285"}],"version-history":[{"count":0,"href":"https:\/\/archivio.cercoiltuovolto.it\/index.php?rest_route=\/wp\/v2\/posts\/231285\/revisions"}],"wp:attachment":[{"href":"https:\/\/archivio.cercoiltuovolto.it\/index.php?rest_route=%2Fwp%2Fv2%2Fmedia&parent=231285"}],"wp:term":[{"taxonomy":"category","embeddable":true,"href":"https:\/\/archivio.cercoiltuovolto.it\/index.php?rest_route=%2Fwp%2Fv2%2Fcategories&post=231285"},{"taxonomy":"post_tag","embeddable":true,"href":"https:\/\/archivio.cercoiltuovolto.it\/index.php?rest_route=%2Fwp%2Fv2%2Ftags&post=231285"}],"curies":[{"name":"wp","href":"https:\/\/api.w.org\/{rel}","templated":true}]}}