{"id":231282,"date":"2010-11-09T06:00:00","date_gmt":"2010-11-09T06:00:00","guid":{"rendered":"https:\/\/archivio.cercoiltuovolto.it\/?p=231282"},"modified":"2010-11-09T06:00:00","modified_gmt":"2010-11-09T06:00:00","slug":"film-io-sono-con-te-la-ragazza-che-ha-cambiato-il-mondo","status":"publish","type":"post","link":"https:\/\/archivio.cercoiltuovolto.it\/?p=231282","title":{"rendered":"Film &#8211; Io sono con te &#8211; la ragazza che ha cambiato il mondo"},"content":{"rendered":"<p style=\"text-align: justify;\"><em>In concorso alla quinta edizione del Festival Internazionale del Film di Roma, \u201cIo sono con te\u201d, del regista Guido Chiesa, uscir\u00e0 nelle sale cinematografiche il 19 novembre. E\u2019 stato prodotto da Magda Film e Colorado Film in collaborazione con Rai Cinema e girato nei suggestivi scenari della Tunisia.<\/em><\/p>\n<p class=\"link\"><a href=\"http:\/\/www.religione20.net\/2010\/11\/08\/film-io-sono-con-te\/\">grazie a Religione 2.0 che me lo ha ricordato<\/a><\/p>\n<blockquote>\n<p style=\"text-align: justify;\"><strong><a href=\"http:\/\/www.cercoiltuovolto.it\/\/wp-content\/uploads\/2010\/11\/locandina_del_film_Io_Sono_Con_Te-.jpg\"><img loading=\"lazy\" decoding=\"async\" class=\"size-medium wp-image-14880 alignleft\" title=\"Locandina del film: Io sono con te\" src=\"http:\/\/www.cercoiltuovolto.it\/\/wp-content\/uploads\/2010\/11\/locandina_del_film_Io_Sono_Con_Te--210x300.jpg\" alt=\"\" width=\"147\" height=\"210\" \/><\/a>Trama del film: <\/strong><br \/>\n La storia di una ragazza vissuta nella Galilea di duemila anni fa: Maria di Nazareth. Grazie a lei, con la nascita del figlio Ges\u00f9, si inaugura un nuovo corso nella storia dell&#8217;uomo. Le domande sollevate sono pi\u00f9 che mai all&#8217;ordine del giorno e riguardano il nascere, il crescere, l&#8217;educare i figli, il ruolo della donna nella societ\u00e0, il senso della parola amore, in una prospettiva squisitamente femminile. Maria \u00e8 la donna capace di seguire il proprio istinto, esaltato dalla condizione di madre, in un sano equilibrio con la razionalit\u00e0, anche a costo di sottrarsi alla legge e alla societ\u00e0, come far\u00e0 poi il figlio. In questo, secondo gli autori, sta la sua modernit\u00e0. Nel proprio percorso, Maria \u00e8 sostenuta dalla presenza discreta di Giuseppe, il patriarca \u201cche si fa da parte\u201d o, come vuole l&#8217;etimologia del suo nome, \u201caggiunge\u201d, rinunciando al primato maschile.<\/p>\n<\/blockquote>\n<p style=\"text-align: center;\">[oembed] {&#8220;url&#8221;:&#8221;http:\/\/www.youtube.com\/watch?v=vrsEJ0hCFvw&amp;feature=player_embedded&#8221;, &#8220;width&#8221;:480, &#8220;height&#8221;:360} [\/oembed]<\/p>\n<p style=\"text-align: center;\">[oembed] {&#8220;url&#8221;:&#8221;http:\/\/www.youtube.com\/watch?v=aFOedkYApBE&#8221;, &#8220;width&#8221;:480, &#8220;height&#8221;:360} [\/oembed]<\/p>\n<h2 style=\"text-align: left;\">Alcune immagini del film<\/h2>\n<p style=\"text-align: center;\"><img loading=\"lazy\" decoding=\"async\" class=\"aligncenter size-medium wp-image-14882\" title=\"film-io sono con te\" src=\"http:\/\/www.cercoiltuovolto.it\/\/wp-content\/uploads\/2010\/11\/film-io-sono-con-te-450x300.jpg\" alt=\"\" width=\"450\" height=\"300\" \/><\/p>\n<p style=\"text-align: center;\"><img loading=\"lazy\" decoding=\"async\" class=\"aligncenter size-medium wp-image-14881\" title=\"film-io sono con te-01\" src=\"http:\/\/www.cercoiltuovolto.it\/\/wp-content\/uploads\/2010\/11\/film-io-sono-con-te-01-450x300.jpg\" alt=\"\" width=\"450\" height=\"300\" \/><\/p>\n<p class=\"fonte-immagine\" style=\"text-align: left;\">foto di Abdelkader Belhadi<\/p>\n","protected":false},"excerpt":{"rendered":"<p>In concorso alla quinta edizione del Festival Internazionale del Film di Roma, \u201cIo sono con te\u201d, del regista Guido Chiesa, uscir\u00e0 nelle sale cinematografiche il 19 novembre. E\u2019 stato prodotto da Magda Film e Colorado Film in collaborazione con Rai Cinema e girato nei suggestivi scenari della Tunisia. grazie a Religione 2.0 che me lo&#8230;<\/p>\n","protected":false},"author":3,"featured_media":0,"comment_status":"closed","ping_status":"closed","sticky":false,"template":"","format":"standard","meta":{"_kad_post_transparent":"","_kad_post_title":"","_kad_post_layout":"","_kad_post_sidebar_id":"","_kad_post_content_style":"","_kad_post_vertical_padding":"","_kad_post_feature":"","_kad_post_feature_position":"","_kad_post_header":false,"_kad_post_footer":false,"_kad_post_classname":"","footnotes":""},"categories":[100,133],"tags":[37,195,113],"class_list":["post-231282","post","type-post","status-publish","format-standard","hentry","category-100","category-film","tag-gesu","tag-maria","tag-video"],"_links":{"self":[{"href":"https:\/\/archivio.cercoiltuovolto.it\/index.php?rest_route=\/wp\/v2\/posts\/231282","targetHints":{"allow":["GET"]}}],"collection":[{"href":"https:\/\/archivio.cercoiltuovolto.it\/index.php?rest_route=\/wp\/v2\/posts"}],"about":[{"href":"https:\/\/archivio.cercoiltuovolto.it\/index.php?rest_route=\/wp\/v2\/types\/post"}],"author":[{"embeddable":true,"href":"https:\/\/archivio.cercoiltuovolto.it\/index.php?rest_route=\/wp\/v2\/users\/3"}],"replies":[{"embeddable":true,"href":"https:\/\/archivio.cercoiltuovolto.it\/index.php?rest_route=%2Fwp%2Fv2%2Fcomments&post=231282"}],"version-history":[{"count":0,"href":"https:\/\/archivio.cercoiltuovolto.it\/index.php?rest_route=\/wp\/v2\/posts\/231282\/revisions"}],"wp:attachment":[{"href":"https:\/\/archivio.cercoiltuovolto.it\/index.php?rest_route=%2Fwp%2Fv2%2Fmedia&parent=231282"}],"wp:term":[{"taxonomy":"category","embeddable":true,"href":"https:\/\/archivio.cercoiltuovolto.it\/index.php?rest_route=%2Fwp%2Fv2%2Fcategories&post=231282"},{"taxonomy":"post_tag","embeddable":true,"href":"https:\/\/archivio.cercoiltuovolto.it\/index.php?rest_route=%2Fwp%2Fv2%2Ftags&post=231282"}],"curies":[{"name":"wp","href":"https:\/\/api.w.org\/{rel}","templated":true}]}}