{"id":231273,"date":"2010-11-06T20:33:18","date_gmt":"2010-11-06T20:33:18","guid":{"rendered":"https:\/\/archivio.cercoiltuovolto.it\/?p=231273"},"modified":"2010-11-06T20:33:18","modified_gmt":"2010-11-06T20:33:18","slug":"commento-al-vangelo-di-domenica-7-novembre-2010-padre-bruno-secondin","status":"publish","type":"post","link":"https:\/\/archivio.cercoiltuovolto.it\/?p=231273","title":{"rendered":"Commento al Vangelo di domenica 7 novembre 2010 &#8211; padre Bruno Secondin"},"content":{"rendered":"<p style=\"text-align: center;\"><img loading=\"lazy\" decoding=\"async\" class=\"aligncenter size-full wp-image-14846\" title=\"padre carmelitano Bruno Secondin\" src=\"http:\/\/www.cercoiltuovolto.it\/\/wp-content\/uploads\/2010\/11\/secondin.png\" alt=\"\" width=\"412\" height=\"132\" \/><\/p>\n<p style=\"text-align: justify;\">In questa 32.ma Domenica del Tempo ordinario, la liturgia ci propone il passo del Vangelo in cui i sadduc\u00e8i, che non credono nella risurrezione, interrogano Ges\u00f9 su tale questione proponendogli l\u2019improbabile caso di una donna che &#8211; restando s\u00f9bito vedova dopo ogni matrimonio \u2013 sposa ben sette fratelli. Di chi sar\u00e0 moglie alla risurrezione? Ges\u00f9 spiega che i risorti non prendono n\u00e9 moglie n\u00e9 marito, perch\u00e9 sono uguali agli angeli. Poi afferma:<\/p>\n<blockquote>\n<p style=\"text-align: justify;\">\u201cChe i morti risorgano, lo ha indicato anche Mos\u00e8 a proposito del roveto, quando dice: \u2018Il Signore \u00e8 il Dio di Abramo, Dio di Isacco e Dio di Giacobbe\u2019. Dio non \u00e8 dei morti, ma dei viventi; perch\u00e9 tutti vivono per lui\u201d.<\/p>\n<\/blockquote>\n<p>Su questo brano del Vangelo,  ascoltiamo il commento del carmelitano, padre Bruno Secondin,  docente di Teologia spirituale alla Pontificia Universit\u00e0 Gregoriana:<\/p>\n<blockquote>\n<p style=\"text-align: justify;\">Una questione seria trattata in modo cos\u00ec ridicolo da renderla assurda: ecco come si presenta oggi la domanda sulla resurrezione dei morti. A proporre il quesito sono i sadducei, una corrente giudaica tradizionalista: essi cercano qui di invischiare Ges\u00f9 in una diatriba che li vede spesso in contrasto con i farisei. La stravagante casistica dei sette fratelli che per la legge del levirato sono obbligati a sposare (uno dopo l\u2019altro) la stessa donna, fa capire che chi pone la domanda fa finta di immaginare l\u2019oltrevita come una riedizione nobilitata e pi\u00f9 allegra della vita presente. Ma in realt\u00e0 non crede proprio che ci sia. Ges\u00f9 reagisce alla banalizzazione cos\u00ec meschina del tema, e mette l\u2019accento invece sul Dio della vita, che dona vita a tutti e chiama a comunione con lui nell\u2019amore. Si tratta di una verit\u00e0 su cui possiamo solo balbettare con umilt\u00e0 e timore: siamo certi del dono di una vita senza fine, ma poco sappiamo come essa sia in realt\u00e0. In passato ci si interessava con curiosit\u00e0 di pi\u00f9 sulle modalit\u00e0 di questa esistenza futura, con consolazioni fantasiose e paure minacciose. Col rischio di qualche superstizione o ossessione. Chi ama Dio si fida di lui e sta in pace.<\/p>\n<\/blockquote>\n<p class=\"link\" style=\"text-align: justify;\">Fonte: RadioVaticana<\/p>\n<div class=\"powerpressbox\">[powerpress]<\/div>\n","protected":false},"excerpt":{"rendered":"<p>In questa 32.ma Domenica del Tempo ordinario, la liturgia ci propone il passo del Vangelo in cui i sadduc\u00e8i, che non credono nella risurrezione, interrogano Ges\u00f9 su tale questione proponendogli l\u2019improbabile caso di una donna che &#8211; restando s\u00f9bito vedova dopo ogni matrimonio \u2013 sposa ben sette fratelli. Di chi sar\u00e0 moglie alla risurrezione? Ges\u00f9&#8230;<\/p>\n","protected":false},"author":3,"featured_media":0,"comment_status":"closed","ping_status":"closed","sticky":false,"template":"","format":"standard","meta":{"_kad_post_transparent":"","_kad_post_title":"","_kad_post_layout":"","_kad_post_sidebar_id":"","_kad_post_content_style":"","_kad_post_vertical_padding":"","_kad_post_feature":"","_kad_post_feature_position":"","_kad_post_header":false,"_kad_post_footer":false,"_kad_post_classname":"","footnotes":""},"categories":[100,147],"tags":[27,172],"class_list":["post-231273","post","type-post","status-publish","format-standard","hentry","category-100","category-commento-al-vangelo","tag-radio-vaticana","tag-vangelo-della-domenica"],"_links":{"self":[{"href":"https:\/\/archivio.cercoiltuovolto.it\/index.php?rest_route=\/wp\/v2\/posts\/231273","targetHints":{"allow":["GET"]}}],"collection":[{"href":"https:\/\/archivio.cercoiltuovolto.it\/index.php?rest_route=\/wp\/v2\/posts"}],"about":[{"href":"https:\/\/archivio.cercoiltuovolto.it\/index.php?rest_route=\/wp\/v2\/types\/post"}],"author":[{"embeddable":true,"href":"https:\/\/archivio.cercoiltuovolto.it\/index.php?rest_route=\/wp\/v2\/users\/3"}],"replies":[{"embeddable":true,"href":"https:\/\/archivio.cercoiltuovolto.it\/index.php?rest_route=%2Fwp%2Fv2%2Fcomments&post=231273"}],"version-history":[{"count":0,"href":"https:\/\/archivio.cercoiltuovolto.it\/index.php?rest_route=\/wp\/v2\/posts\/231273\/revisions"}],"wp:attachment":[{"href":"https:\/\/archivio.cercoiltuovolto.it\/index.php?rest_route=%2Fwp%2Fv2%2Fmedia&parent=231273"}],"wp:term":[{"taxonomy":"category","embeddable":true,"href":"https:\/\/archivio.cercoiltuovolto.it\/index.php?rest_route=%2Fwp%2Fv2%2Fcategories&post=231273"},{"taxonomy":"post_tag","embeddable":true,"href":"https:\/\/archivio.cercoiltuovolto.it\/index.php?rest_route=%2Fwp%2Fv2%2Ftags&post=231273"}],"curies":[{"name":"wp","href":"https:\/\/api.w.org\/{rel}","templated":true}]}}