{"id":231255,"date":"2010-11-03T09:45:09","date_gmt":"2010-11-03T09:45:09","guid":{"rendered":"https:\/\/archivio.cercoiltuovolto.it\/?p=231255"},"modified":"2010-11-03T09:45:09","modified_gmt":"2010-11-03T09:45:09","slug":"uomini-e-profeti-leggere-la-bibbia-levitico-cap-1-5-il-dono-dei-sacrifici","status":"publish","type":"post","link":"https:\/\/archivio.cercoiltuovolto.it\/?p=231255","title":{"rendered":"Uomini e Profeti: Leggere la Bibbia \u2013 &#8220;Levitico,  Cap. 1-5  Il dono dei sacrifici&#8221;"},"content":{"rendered":"<p style=\"text-align: center;\"><a href=\"http:\/\/www.cercoiltuovolto.it\/\/wp-content\/uploads\/2010\/11\/levitico-1-5.jpg\"><img loading=\"lazy\" decoding=\"async\" class=\"size-medium wp-image-14712 aligncenter\" title=\"levitico 1-5\" src=\"http:\/\/www.cercoiltuovolto.it\/\/wp-content\/uploads\/2010\/11\/levitico-1-5-450x300.jpg\" alt=\"\" width=\"450\" height=\"300\" \/><\/a><\/p>\n<p><strong>con rav  Riccardo Di Segni &#8211; domenica 31 ottobre 2010<\/strong><\/p>\n<p style=\"text-align: justify;\">Iniziamo oggi la lettura del III libro del Pentateuco, il Libro del Levitico, il cui titolo originale, per la verit\u00e0, \u00e8: \u201cE chiam\u00f2\u2026\u201d, tratto dalle prime parole del testo. Capiamo subito che l\u2019accento viene cos\u00ec posto molto pi\u00f9 sulla chiamata del Signore nei confronti di Mos\u00e8 e del popolo che non sulla questione dei \u201cleviti\u201d o \u201csacerdoti\u201d. I primi capitoli sono tutti dedicati alla descrizione dei doni sacrificali al signore. Da cui impariamo, ad esempio, che la parola \u201colocausto\u201d usata per indicare la Sho\u00e0, \u00e8 un termine quanto meno improprio. Perch\u00e9 l\u2019olocausto \u00e8 un dono gradito a Dio. A guidarci tra le parole del difficile testo \u00e8 rav  Riccardo Di Segni, rabbino capo della comunit\u00e0 ebraica di Roma.<\/p>\n<div class=\"powerpressbox\" style=\"text-align: left;\">[powerpress]<\/div>\n<p class=\"link\" style=\"text-align: justify;\">Fonte: <a href=\"http:\/\/www.radio3.rai.it\/dl\/radio3\/programmi\/puntata\/ContentItem-168efee7-80f5-40b9-845e-eb66ebab4a6e.html\" target=\"_blank\">Radio Rai 3<\/a> (<em><span style=\"font-size: xx-small;\">\u00e8 presente anche il file <a href=\"http:\/\/www.rai.it\/dl\/audio\/1288610746022leggere_la_bibbia2010_10_31.ram\">Real Audio<\/a><\/span><\/em>)<\/p>\n<p class=\"ascolta\" style=\"text-align: justify;\"><a href=\"http:\/\/cid-7e678cf4a2bd73de.office.live.com\/browse.aspx\/.Public\/Radio%20Rai\/Lettura%20della%20Bibbia%202010%20-%20Uomini%20e%20Profeti%20-%20Radio%20Rai%203\" target=\"_blank\">Mirror per il file mp3<\/a> (<span style=\"font-size: x-small;\"><em><span style=\"color: #ff0000;\">in caso di mancato funzionamento del podcast RAI<\/span><\/em><\/span>)<\/p>\n<p style=\"text-align: justify;\"><br class=\"spacer_\" \/><\/p>\n","protected":false},"excerpt":{"rendered":"<p>con rav Riccardo Di Segni &#8211; domenica 31 ottobre 2010 Iniziamo oggi la lettura del III libro del Pentateuco, il Libro del Levitico, il cui titolo originale, per la verit\u00e0, \u00e8: \u201cE chiam\u00f2\u2026\u201d, tratto dalle prime parole del testo. Capiamo subito che l\u2019accento viene cos\u00ec posto molto pi\u00f9 sulla chiamata del Signore nei confronti di&#8230;<\/p>\n","protected":false},"author":3,"featured_media":0,"comment_status":"closed","ping_status":"closed","sticky":false,"template":"","format":"standard","meta":{"_kad_post_transparent":"","_kad_post_title":"","_kad_post_layout":"","_kad_post_sidebar_id":"","_kad_post_content_style":"","_kad_post_vertical_padding":"","_kad_post_feature":"","_kad_post_feature_position":"","_kad_post_header":false,"_kad_post_footer":false,"_kad_post_classname":"","footnotes":""},"categories":[100,4],"tags":[23,380,403],"class_list":["post-231255","post","type-post","status-publish","format-standard","hentry","category-100","category-audio-cattolici","tag-bibbia","tag-in-evidenza","tag-levitico"],"_links":{"self":[{"href":"https:\/\/archivio.cercoiltuovolto.it\/index.php?rest_route=\/wp\/v2\/posts\/231255","targetHints":{"allow":["GET"]}}],"collection":[{"href":"https:\/\/archivio.cercoiltuovolto.it\/index.php?rest_route=\/wp\/v2\/posts"}],"about":[{"href":"https:\/\/archivio.cercoiltuovolto.it\/index.php?rest_route=\/wp\/v2\/types\/post"}],"author":[{"embeddable":true,"href":"https:\/\/archivio.cercoiltuovolto.it\/index.php?rest_route=\/wp\/v2\/users\/3"}],"replies":[{"embeddable":true,"href":"https:\/\/archivio.cercoiltuovolto.it\/index.php?rest_route=%2Fwp%2Fv2%2Fcomments&post=231255"}],"version-history":[{"count":0,"href":"https:\/\/archivio.cercoiltuovolto.it\/index.php?rest_route=\/wp\/v2\/posts\/231255\/revisions"}],"wp:attachment":[{"href":"https:\/\/archivio.cercoiltuovolto.it\/index.php?rest_route=%2Fwp%2Fv2%2Fmedia&parent=231255"}],"wp:term":[{"taxonomy":"category","embeddable":true,"href":"https:\/\/archivio.cercoiltuovolto.it\/index.php?rest_route=%2Fwp%2Fv2%2Fcategories&post=231255"},{"taxonomy":"post_tag","embeddable":true,"href":"https:\/\/archivio.cercoiltuovolto.it\/index.php?rest_route=%2Fwp%2Fv2%2Ftags&post=231255"}],"curies":[{"name":"wp","href":"https:\/\/api.w.org\/{rel}","templated":true}]}}