{"id":231245,"date":"2010-11-02T10:23:00","date_gmt":"2010-11-02T10:23:00","guid":{"rendered":"https:\/\/archivio.cercoiltuovolto.it\/?p=231245"},"modified":"2010-11-02T10:23:00","modified_gmt":"2010-11-02T10:23:00","slug":"benedetto-xvi-angelus-del-1-novembre-2010-in-mp3","status":"publish","type":"post","link":"https:\/\/archivio.cercoiltuovolto.it\/?p=231245","title":{"rendered":"Benedetto XVI &#8211; Angelus del 1 novembre 2010 in mp3"},"content":{"rendered":"<blockquote>\n<p style=\"text-align: center;\"><img loading=\"lazy\" decoding=\"async\" class=\"aligncenter size-full wp-image-14824\" title=\"L'Angelus del Santo Padre\" src=\"http:\/\/www.cercoiltuovolto.it\/\/wp-content\/uploads\/2010\/11\/angelus.jpg\" alt=\"\" width=\"476\" height=\"132\" \/><\/p>\n<p><em>Cari fratelli e sorelle!<\/em><\/p>\n<p style=\"text-align: justify;\">La solennit\u00e0 di Tutti i Santi, che oggi celebriamo, ci invita ad innalzare lo  sguardo al Cielo e a meditare sulla pienezza della vita divina che ci attende.  \u201cSiamo figli di Dio, ma ci\u00f2 che saremo non \u00e8 stato ancora rivelato\u201d (<em>1Gv<\/em> 3,2): con queste parole l\u2019apostolo Giovanni ci assicura la realt\u00e0 del nostro  profondo legame con Dio, come pure la certezza della nostra sorte futura. Come  figli amati, perci\u00f2, riceviamo anche la grazia per sopportare le prove di questa  esistenza terrena \u2013 la fame e sete di giustizia, le incomprensioni, le  persecuzioni (cfr <em>Mt <\/em>5,3-11) \u2013 e, nel contempo, ereditiamo fin da ora ci\u00f2  che \u00e8 promesso nelle beatitudini evangeliche, \u201cnelle quali risplende la nuova  immagine del mondo e dell\u2019uomo che Ges\u00f9 inaugura\u201d (Benedetto XVI, <em>Ges\u00f9 di  Nazaret<\/em>, Milano 2007, 95). La santit\u00e0, imprimere Cristo in s\u00e9 stessi, \u00e8 lo  scopo di vita del cristiano. Il beato Antonio Rosmini scrive: \u201cIl Verbo aveva  impresso se stesso nelle anime dei suoi discepoli col suo aspetto sensibile \u2026 e  con le sue parole \u2026 aveva dato ai suoi quella grazia \u2026 con la quale l\u2019anima  percepisce immediatamente il Verbo\u201d (<em>Antropologia soprannaturale<\/em>, Roma  1983, 265-266). E noi pregustiamo il dono e la bellezza della santit\u00e0 ogni  volta che partecipiamo alla Liturgia eucaristica, in comunione con la  \u201cmoltitudine immensa\u201d degli spiriti beati, che in Cielo acclamano in eterno la  salvezza di Dio e dell\u2019Agnello (cfr <em>Ap<\/em> 7,9-10). \u201cAlla vita dei Santi non  appartiene solo la loro biografia terrena, ma anche il loro vivere ed operare in  Dio dopo la morte. Nei Santi diventa ovvio: chi va verso Dio non si allontana  dagli uomini, ma si rende invece ad essi veramente vicino\u201d (Enc. <em> <a href=\"http:\/\/www.vatican.va\/holy_father\/benedict_xvi\/encyclicals\/documents\/hf_ben-xvi_enc_20051225_deus-caritas-est_it.html#42.\">Deus caritas  est<\/a><\/em>, 42).<\/p>\n<ul>\n<li><a href=\"http:\/\/www.vatican.va\/holy_father\/benedict_xvi\/angelus\/2010\/documents\/hf_ben-xvi_ang_20101101_all-saints_it.html\">Leggi tutto il messaggio<\/a> <em>\u00a9 Copyright 2010 &#8211; Libreria  Editrice Vaticana<\/em><\/li>\n<\/ul>\n<\/blockquote>\n<div class=\"powerpressbox\">[powerpress]<\/div>\n<p class=\"video-link\" style=\"text-align: justify;\">Guarda anche i video: <a href=\"http:\/\/it.gloria.tv\/?media=106990\" target=\"_blank\">Angelus<\/a> | <a href=\"http:\/\/it.gloria.tv\/?media=106991\" target=\"_blank\">Dopo l&#8217;Angelus<\/a><\/p>\n<p style=\"text-align: justify;\"><strong>Fonte<\/strong>: Radio Vaticana via FeedRss<a href=\"https:\/\/www.photo.va\/\" target=\"_blank\"><br \/>\n <\/a><span style=\"font-size: xx-small;\"><em>(The content of this podcast is copyrighted by Vatican Radio which, according to  its statute, is entrusted to manage and protect the sound recordings of the  Roman Pontiff, ensuring that their pastoral character and intellectual  property&#8217;s rights are protected when used by third parties. The content of this  podcast is made available only for personal and private use and cannot be  exploited for commercial purposes, without prior written authorization by  Vatican Radio. For further information, please contact the International  Relation Office at relint@vatiradio.va)<\/em><\/span><\/p>\n","protected":false},"excerpt":{"rendered":"<p>Cari fratelli e sorelle! La solennit\u00e0 di Tutti i Santi, che oggi celebriamo, ci invita ad innalzare lo sguardo al Cielo e a meditare sulla pienezza della vita divina che ci attende. \u201cSiamo figli di Dio, ma ci\u00f2 che saremo non \u00e8 stato ancora rivelato\u201d (1Gv 3,2): con queste parole l\u2019apostolo Giovanni ci assicura la&#8230;<\/p>\n","protected":false},"author":3,"featured_media":0,"comment_status":"closed","ping_status":"closed","sticky":false,"template":"","format":"standard","meta":{"_kad_post_transparent":"","_kad_post_title":"","_kad_post_layout":"","_kad_post_sidebar_id":"","_kad_post_content_style":"","_kad_post_vertical_padding":"","_kad_post_feature":"","_kad_post_feature_position":"","_kad_post_header":false,"_kad_post_footer":false,"_kad_post_classname":"","footnotes":""},"categories":[100,114],"tags":[73,392,9],"class_list":["post-231245","post","type-post","status-publish","format-standard","hentry","category-100","category-angelus","tag-benedetto-xvi","tag-tutti-i-santi","tag-vaticano"],"_links":{"self":[{"href":"https:\/\/archivio.cercoiltuovolto.it\/index.php?rest_route=\/wp\/v2\/posts\/231245","targetHints":{"allow":["GET"]}}],"collection":[{"href":"https:\/\/archivio.cercoiltuovolto.it\/index.php?rest_route=\/wp\/v2\/posts"}],"about":[{"href":"https:\/\/archivio.cercoiltuovolto.it\/index.php?rest_route=\/wp\/v2\/types\/post"}],"author":[{"embeddable":true,"href":"https:\/\/archivio.cercoiltuovolto.it\/index.php?rest_route=\/wp\/v2\/users\/3"}],"replies":[{"embeddable":true,"href":"https:\/\/archivio.cercoiltuovolto.it\/index.php?rest_route=%2Fwp%2Fv2%2Fcomments&post=231245"}],"version-history":[{"count":0,"href":"https:\/\/archivio.cercoiltuovolto.it\/index.php?rest_route=\/wp\/v2\/posts\/231245\/revisions"}],"wp:attachment":[{"href":"https:\/\/archivio.cercoiltuovolto.it\/index.php?rest_route=%2Fwp%2Fv2%2Fmedia&parent=231245"}],"wp:term":[{"taxonomy":"category","embeddable":true,"href":"https:\/\/archivio.cercoiltuovolto.it\/index.php?rest_route=%2Fwp%2Fv2%2Fcategories&post=231245"},{"taxonomy":"post_tag","embeddable":true,"href":"https:\/\/archivio.cercoiltuovolto.it\/index.php?rest_route=%2Fwp%2Fv2%2Ftags&post=231245"}],"curies":[{"name":"wp","href":"https:\/\/api.w.org\/{rel}","templated":true}]}}