{"id":231235,"date":"2010-10-30T20:59:41","date_gmt":"2010-10-30T20:59:41","guid":{"rendered":"https:\/\/archivio.cercoiltuovolto.it\/?p=231235"},"modified":"2010-10-30T20:59:41","modified_gmt":"2010-10-30T20:59:41","slug":"il-commento-di-padre-bruno-secondin-al-vangelo-di-domenica-31-ottobre-2010","status":"publish","type":"post","link":"https:\/\/archivio.cercoiltuovolto.it\/?p=231235","title":{"rendered":"Il commento di padre Bruno Secondin al Vangelo di domenica 31 ottobre 2010"},"content":{"rendered":"<p style=\"text-align: justify;\">In  questa 31.ma Domenica del Tempo ordinario, la liturgia ci propone il  passo del Vangelo in cui Ges\u00f9 entra a Gerico, attorniato dalla folla.  Zaccheo, ricco e disonesto esattore delle tasse, sale su un albero per  vederlo. Il Signore incontra il suo sguardo, quindi entra a casa sua tra  le critiche di tutti che dicono: \u00ab\u00c8 entrato in casa di un peccatore!\u00bb.  Ma Zaccheo si converte affermando: \u00abEcco, Signore, io do la met\u00e0 di ci\u00f2  che possiedo ai poveri e, se ho rubato a qualcuno, restituisco quattro  volte tanto\u00bb. Ges\u00f9 risponde:<\/p>\n<blockquote>\n<p style=\"text-align: justify;\"><em>\u00abOggi  per questa casa \u00e8 venuta la salvezza, perch\u00e9 anch\u2019egli \u00e8 figlio di  Abramo. Il Figlio dell\u2019uomo infatti \u00e8 venuto a cercare e a salvare ci\u00f2  che era perduto\u00bb.<\/em><\/p>\n<\/blockquote>\n<p>Su questo brano del Vangelo,  ascoltiamo il commento del carmelitano, padre Bruno Secondin,  docente di Teologia spirituale alla Pontificia Universit\u00e0 Gregoriana:<\/p>\n<blockquote>\n<p style=\"text-align: justify;\"><em>Curioso  e quasi ridicolo questo omino che corre avanti e si arrampica lesto su  un tronco d\u2019albero per cercare di vedere Ges\u00f9. La folla, che odiava  Zaccheo per il suo mestiere di esattore strozzino, ci prova gusto a  togliergli la vista quando passa Ges\u00f9. Perch\u00e9 almeno l\u00ec la sua  prepotenza sia umiliata, come per una piccola vendetta. La sua corsa e  il suo curiosare forse per\u00f2 indicano un affanno interiore. Ges\u00f9 pi\u00f9 che  la posizione ridicola, coglie nella corsa e nell\u2019agitarsi sopra un  albero proprio un primo inizio di conversione. E la completa  autoinvitandosi a casa sua, per un incontro a quattr\u2019occhi, fuori dai  condizionamenti sociali. \u00c8 l\u00ec in casa che avviene la conversione, un  vero cambiamento radicale nei rapporti con gli altri: la restituzione  del maltolto e una solidariet\u00e0 generosa, oltre la giustizia. La gente  d\u2019attorno non aveva gradito quell\u2019improvvisa simpatia, e parla male. Ma  Ges\u00f9 non si lascia ingabbiare dai pregiudizi, n\u00e9 si ferma alle  apparenze, egli sa intuire risorse originali anche nelle storie pi\u00f9  intricate. Zaccheo si \u00e8 sentito amato e ha capito bene anche che la  conversione non \u00e8 solo nuovo rapporto con Dio, ma pure nuova relazione  col prossimo. E questo lo ha messo subito in pratica.<\/em><\/p>\n<\/blockquote>\n<p class=\"link\" style=\"text-align: justify;\">Fonte: RadioVaticana<\/p>\n<div class=\"powerpressbox\">[powerpress]<\/div>\n","protected":false},"excerpt":{"rendered":"<p>In questa 31.ma Domenica del Tempo ordinario, la liturgia ci propone il passo del Vangelo in cui Ges\u00f9 entra a Gerico, attorniato dalla folla. Zaccheo, ricco e disonesto esattore delle tasse, sale su un albero per vederlo. Il Signore incontra il suo sguardo, quindi entra a casa sua tra le critiche di tutti che dicono:&#8230;<\/p>\n","protected":false},"author":3,"featured_media":0,"comment_status":"closed","ping_status":"closed","sticky":false,"template":"","format":"standard","meta":{"_kad_post_transparent":"","_kad_post_title":"","_kad_post_layout":"","_kad_post_sidebar_id":"","_kad_post_content_style":"","_kad_post_vertical_padding":"","_kad_post_feature":"","_kad_post_feature_position":"","_kad_post_header":false,"_kad_post_footer":false,"_kad_post_classname":"","footnotes":""},"categories":[100,147],"tags":[27,172],"class_list":["post-231235","post","type-post","status-publish","format-standard","hentry","category-100","category-commento-al-vangelo","tag-radio-vaticana","tag-vangelo-della-domenica"],"_links":{"self":[{"href":"https:\/\/archivio.cercoiltuovolto.it\/index.php?rest_route=\/wp\/v2\/posts\/231235","targetHints":{"allow":["GET"]}}],"collection":[{"href":"https:\/\/archivio.cercoiltuovolto.it\/index.php?rest_route=\/wp\/v2\/posts"}],"about":[{"href":"https:\/\/archivio.cercoiltuovolto.it\/index.php?rest_route=\/wp\/v2\/types\/post"}],"author":[{"embeddable":true,"href":"https:\/\/archivio.cercoiltuovolto.it\/index.php?rest_route=\/wp\/v2\/users\/3"}],"replies":[{"embeddable":true,"href":"https:\/\/archivio.cercoiltuovolto.it\/index.php?rest_route=%2Fwp%2Fv2%2Fcomments&post=231235"}],"version-history":[{"count":0,"href":"https:\/\/archivio.cercoiltuovolto.it\/index.php?rest_route=\/wp\/v2\/posts\/231235\/revisions"}],"wp:attachment":[{"href":"https:\/\/archivio.cercoiltuovolto.it\/index.php?rest_route=%2Fwp%2Fv2%2Fmedia&parent=231235"}],"wp:term":[{"taxonomy":"category","embeddable":true,"href":"https:\/\/archivio.cercoiltuovolto.it\/index.php?rest_route=%2Fwp%2Fv2%2Fcategories&post=231235"},{"taxonomy":"post_tag","embeddable":true,"href":"https:\/\/archivio.cercoiltuovolto.it\/index.php?rest_route=%2Fwp%2Fv2%2Ftags&post=231235"}],"curies":[{"name":"wp","href":"https:\/\/api.w.org\/{rel}","templated":true}]}}