{"id":231232,"date":"2010-11-01T12:00:41","date_gmt":"2010-11-01T12:00:41","guid":{"rendered":"https:\/\/archivio.cercoiltuovolto.it\/?p=231232"},"modified":"2010-11-01T12:00:41","modified_gmt":"2010-11-01T12:00:41","slug":"commento-al-vangelo-del-7-novembre-2010-comunita-cattolica-ungherese","status":"publish","type":"post","link":"https:\/\/archivio.cercoiltuovolto.it\/?p=231232","title":{"rendered":"Commento al Vangelo del 7 novembre 2010 &#8211; Comunit\u00e0 cattolica ungherese"},"content":{"rendered":"<p>Commento al Vangelo di domenica prossima a cura di p. Sergio della Comunit\u00e0 cattolica italiana in Ungheria.<\/p>\n<blockquote>\n<p style=\"text-align: justify;\"><em>Lc 20, 27-38<\/em><br \/>\n<em>Dal Vangelo secondo\u00a0Luca<\/em><br \/>\n \u2021 In  quel tempo, si avvicinarono poi alcuni sadducei, i quali negano che vi  sia la risurrezione, e posero a Ges\u00f9 questa domanda: \u00abMaestro, Mos\u00e8 ci  ha prescritto: Se a qualcuno muore un fratello che ha moglie, ma senza  figli, suo fratello si prenda la vedova e dia una discendenza al proprio  fratello. C\u2019erano dunque sette fratelli: il primo, dopo aver preso  moglie, mor\u00ec senza figli. Allora la prese il secondo e poi il terzo e  cos\u00ec tutti e sette; e morirono tutti senza lasciare figli. Da ultimo  anche la donna mor\u00ec. <br \/>\n Questa donna dunque, nella risurrezione, di  chi sar\u00e0 moglie? Poich\u00e9 tutti e sette l\u2019hanno avuta in moglie\u00bb. Ges\u00f9  rispose: \u00abI figli di questo mondo prendono moglie e prendono marito; ma  quelli che sono giudicati degni dell\u2019altro mondo e della risurrezione  dai morti, non prendono moglie n\u00e9 marito; e nemmeno possono pi\u00f9 morire,  perch\u00e9 sono uguali agli angeli e, essendo figli della risurrezione, sono  figli di Dio. Che poi i morti risorgono, lo ha indicato anche Mos\u00e8 a  proposito del roveto, quando chiama il Signore: Dio di Abramo, Dio di  Isacco e Dio di Giacobbe. <br \/>\n Dio non \u00e8 Dio dei morti, ma dei vivi; perch\u00e9 tutti vivono per lui\u00bb.<br \/>\n C: Parola del Signore.<br \/>\nA: Lode a Te o Cristo.<\/p>\n<\/blockquote>\n<p style=\"text-align: center;\">[oembed] {&#8220;url&#8221;:&#8221;http:\/\/www.youtube.com\/watch?v=qUr_nKY26rI&amp;feature=youtube_gdata&#8221;, &#8220;width&#8221;:480, &#8220;height&#8221;:360} [\/oembed]<\/p>\n","protected":false},"excerpt":{"rendered":"<p>Commento al Vangelo di domenica prossima a cura di p. Sergio della Comunit\u00e0 cattolica italiana in Ungheria. Lc 20, 27-38 Dal Vangelo secondo\u00a0Luca \u2021 In quel tempo, si avvicinarono poi alcuni sadducei, i quali negano che vi sia la risurrezione, e posero a Ges\u00f9 questa domanda: \u00abMaestro, Mos\u00e8 ci ha prescritto: Se a qualcuno muore&#8230;<\/p>\n","protected":false},"author":3,"featured_media":0,"comment_status":"closed","ping_status":"closed","sticky":false,"template":"","format":"standard","meta":{"_kad_post_transparent":"","_kad_post_title":"","_kad_post_layout":"","_kad_post_sidebar_id":"","_kad_post_content_style":"","_kad_post_vertical_padding":"","_kad_post_feature":"","_kad_post_feature_position":"","_kad_post_header":false,"_kad_post_footer":false,"_kad_post_classname":"","footnotes":""},"categories":[100,147],"tags":[22,172,83],"class_list":["post-231232","post","type-post","status-publish","format-standard","hentry","category-100","category-commento-al-vangelo","tag-francescani","tag-vangelo-della-domenica","tag-youtube"],"_links":{"self":[{"href":"https:\/\/archivio.cercoiltuovolto.it\/index.php?rest_route=\/wp\/v2\/posts\/231232","targetHints":{"allow":["GET"]}}],"collection":[{"href":"https:\/\/archivio.cercoiltuovolto.it\/index.php?rest_route=\/wp\/v2\/posts"}],"about":[{"href":"https:\/\/archivio.cercoiltuovolto.it\/index.php?rest_route=\/wp\/v2\/types\/post"}],"author":[{"embeddable":true,"href":"https:\/\/archivio.cercoiltuovolto.it\/index.php?rest_route=\/wp\/v2\/users\/3"}],"replies":[{"embeddable":true,"href":"https:\/\/archivio.cercoiltuovolto.it\/index.php?rest_route=%2Fwp%2Fv2%2Fcomments&post=231232"}],"version-history":[{"count":0,"href":"https:\/\/archivio.cercoiltuovolto.it\/index.php?rest_route=\/wp\/v2\/posts\/231232\/revisions"}],"wp:attachment":[{"href":"https:\/\/archivio.cercoiltuovolto.it\/index.php?rest_route=%2Fwp%2Fv2%2Fmedia&parent=231232"}],"wp:term":[{"taxonomy":"category","embeddable":true,"href":"https:\/\/archivio.cercoiltuovolto.it\/index.php?rest_route=%2Fwp%2Fv2%2Fcategories&post=231232"},{"taxonomy":"post_tag","embeddable":true,"href":"https:\/\/archivio.cercoiltuovolto.it\/index.php?rest_route=%2Fwp%2Fv2%2Ftags&post=231232"}],"curies":[{"name":"wp","href":"https:\/\/api.w.org\/{rel}","templated":true}]}}