{"id":231209,"date":"2010-10-29T06:00:32","date_gmt":"2010-10-29T06:00:32","guid":{"rendered":"https:\/\/archivio.cercoiltuovolto.it\/?p=231209"},"modified":"2010-10-29T06:00:32","modified_gmt":"2010-10-29T06:00:32","slug":"suore-ventanni-dopo","status":"publish","type":"post","link":"https:\/\/archivio.cercoiltuovolto.it\/?p=231209","title":{"rendered":"Suore &#8211; Vent&#8217;anni dopo"},"content":{"rendered":"<div id=\"bookDescriptionBox\">\n<p style=\"text-align: justify;\"><a href=\"http:\/\/www.cercoiltuovolto.it\/\/wp-content\/uploads\/2010\/10\/Suore-venti-anni-dopo.jpg\"><img loading=\"lazy\" decoding=\"async\" class=\"alignleft size-medium wp-image-14440\" title=\"Suore - venti anni dopo\" src=\"http:\/\/www.cercoiltuovolto.it\/\/wp-content\/uploads\/2010\/10\/Suore-venti-anni-dopo-191x300.jpg\" alt=\"\" width=\"191\" height=\"300\" \/><\/a>Che cosa \u00e8 accaduto alle protagoniste di Suore (Rizzoli  1991), il libro che vent\u2019anni fa spalanc\u00f2 le porte dei monasteri di  quattro continenti, and\u00f2 al di l\u00e0 delle grate, per raccontare le storie  sconosciute di donne che avevano scelto di lasciare il mondo per  abitarlo totalmente, sia nella vita attiva che in quella contemplativa? E  per capire come una ragazza \u201cnormale\u201d possa fare una scelta contro  tutto ci\u00f2 che oggi conta? Per rispondere a questa domanda l\u2019autrice \u00e8  ritornata a incontrare alcune di quelle straordinarie figure che, con il  loro amore gratuito, il loro impegno e la loro fantasia nel costruire  la speranza, avevano suscitato stupore, commozione e affascinato il  regista Dino Risi, che ne trasse il film televisivo Missione d\u2019amore. Ma  ha anche scoperto altre vicende di \u201cdonne di Dio\u201d che oggi si dedicano  alle povert\u00e0 dei nostri tempi: dalla tratta delle \u201cnuove schiave\u201d alla  prostituzione in terra di camorra, dall\u2019emarginazione di coloro che  vivono nei sotterranei della storia a chi \u00e8 stato costretto ad emigrare  per sopravvivere. Cos\u00ec \u00e8 ritornata al di l\u00e0 delle grate per continuare  il dialogo con nuove amiche che nel silenzio vivono abbracciate a tutta  l\u2019umanit\u00e0.<\/p>\n<h3 style=\"text-align: justify;\">Punti forti<\/h3>\n<p style=\"text-align: justify;\">Il tema della vita consacrata femminile sia attiva che contemplativa  oggi nelle esperienze di frontiera. l La forza delle storie riportate  mette in evidenza la forza di amore e di speranza che hanno queste  donne, nella sfida alle nuove povert\u00e0. l Lo stile veloce e profondo  dell\u2019autrice rende molto coinvolgenti le esperienze di vita. l Il  successo editoriale del \u201cprimo\u201d capitolo uscito vent\u2019anni fa.<\/p>\n<h3 style=\"text-align: justify;\">Destinatari<\/h3>\n<p style=\"text-align: justify;\">Largo pubblico, in particolare di laici giovani e adulti.<\/p>\n<h3 style=\"text-align: justify;\">L\u2019autrice<\/h3>\n<p style=\"text-align: justify;\">Mariapia Bonanate vive a Torino, \u00e8 condirettore del settimanale  nazionale Il nostro tempo e collabora con Famiglia Cristiana. Come  giornalista \u00e8 sempre andata alla ricerca di \u201cbuone notizie\u201d, anche nelle  situazioni pi\u00f9 difficili. Fra le sue opere: Invito alla lettura di  Mario Pomilio (Mursia), Preti. Alla ricerca dei dodici apostoli nelle  strade del mondo (Rizzoli), Donne che cambiano il mondo. Personaggi  femminili che inventano la speranza (Mondadori), Una lampadina per  Kimbau. Storia di Chiara Castellani, medico missionario in Africa  (Mondadori). Con Paoline Il Vangelo secondo una donna (nelle due  edizioni: 20024, 20092).<\/p>\n<\/div>\n<h3 class=\"powerpressbox\">Ascolta la prefazione di Dacia Maraini<br \/>\n [powerpress]<\/h3>\n<p class=\"acquista-paragrafo\"><a href=\"http:\/\/www.libreriadelsanto.it\/libri\/9788831538640\/suore.html?p=sot\" target=\"_blank\">Acquista il libro<\/a> su Libreria del Santo<\/p>\n<p class=\"link\"><a href=\"http:\/\/www.paoline.it\/Zoom\/articoloRubrica_arb1087.aspx\">Fonte del file audio ed ulteriore approfondimento<\/a><\/p>\n","protected":false},"excerpt":{"rendered":"<p>Che cosa \u00e8 accaduto alle protagoniste di Suore (Rizzoli 1991), il libro che vent\u2019anni fa spalanc\u00f2 le porte dei monasteri di quattro continenti, and\u00f2 al di l\u00e0 delle grate, per raccontare le storie sconosciute di donne che avevano scelto di lasciare il mondo per abitarlo totalmente, sia nella vita attiva che in quella contemplativa? E&#8230;<\/p>\n","protected":false},"author":3,"featured_media":0,"comment_status":"closed","ping_status":"closed","sticky":false,"template":"","format":"standard","meta":{"_kad_post_transparent":"","_kad_post_title":"","_kad_post_layout":"","_kad_post_sidebar_id":"","_kad_post_content_style":"","_kad_post_vertical_padding":"","_kad_post_feature":"","_kad_post_feature_position":"","_kad_post_header":false,"_kad_post_footer":false,"_kad_post_classname":"","footnotes":""},"categories":[100,3],"tags":[17,393],"class_list":["post-231209","post","type-post","status-publish","format-standard","hentry","category-100","category-libri","tag-libri","tag-suore"],"_links":{"self":[{"href":"https:\/\/archivio.cercoiltuovolto.it\/index.php?rest_route=\/wp\/v2\/posts\/231209","targetHints":{"allow":["GET"]}}],"collection":[{"href":"https:\/\/archivio.cercoiltuovolto.it\/index.php?rest_route=\/wp\/v2\/posts"}],"about":[{"href":"https:\/\/archivio.cercoiltuovolto.it\/index.php?rest_route=\/wp\/v2\/types\/post"}],"author":[{"embeddable":true,"href":"https:\/\/archivio.cercoiltuovolto.it\/index.php?rest_route=\/wp\/v2\/users\/3"}],"replies":[{"embeddable":true,"href":"https:\/\/archivio.cercoiltuovolto.it\/index.php?rest_route=%2Fwp%2Fv2%2Fcomments&post=231209"}],"version-history":[{"count":0,"href":"https:\/\/archivio.cercoiltuovolto.it\/index.php?rest_route=\/wp\/v2\/posts\/231209\/revisions"}],"wp:attachment":[{"href":"https:\/\/archivio.cercoiltuovolto.it\/index.php?rest_route=%2Fwp%2Fv2%2Fmedia&parent=231209"}],"wp:term":[{"taxonomy":"category","embeddable":true,"href":"https:\/\/archivio.cercoiltuovolto.it\/index.php?rest_route=%2Fwp%2Fv2%2Fcategories&post=231209"},{"taxonomy":"post_tag","embeddable":true,"href":"https:\/\/archivio.cercoiltuovolto.it\/index.php?rest_route=%2Fwp%2Fv2%2Ftags&post=231209"}],"curies":[{"name":"wp","href":"https:\/\/api.w.org\/{rel}","templated":true}]}}