{"id":231203,"date":"2010-10-27T12:00:52","date_gmt":"2010-10-27T12:00:52","guid":{"rendered":"https:\/\/archivio.cercoiltuovolto.it\/?p=231203"},"modified":"2010-10-27T12:00:52","modified_gmt":"2010-10-27T12:00:52","slug":"commento-al-vangelo-del-31-ottobre-2010-don-valentino-porcile","status":"publish","type":"post","link":"https:\/\/archivio.cercoiltuovolto.it\/?p=231203","title":{"rendered":"Commento al Vangelo del 31 ottobre 2010 \u2013 don Valentino Porcile"},"content":{"rendered":"<p style=\"text-align: center;\"><img decoding=\"async\" src=\"http:\/\/www.cercoiltuovolto.it\/\/wp-content\/uploads\/2009\/11\/don-valentino-porcile.jpg\" alt=\"don Valentino\" \/><\/p>\n<p>Il commento al Vangelo della XXXI domenica del Tempo Ordinario  (Anno C).<\/p>\n<blockquote>\n<p><em>Lc 19, 1-10<\/em><br \/>\n <em>Dal Vangelo secondo Luca<\/em><br \/>\n In  quel tempo, Ges\u00f9 entr\u00f2 nella citt\u00e0 di G\u00e8rico e la stava attraversando,  quand\u2019ecco un uomo, di nome Zacch\u00e8o, capo dei pubblicani e ricco,  cercava di vedere chi era Ges\u00f9, ma non gli riusciva a causa della folla,  perch\u00e9 era piccolo di statura. Allora corse avanti e, per riuscire a  vederlo, sal\u00ec su un sicom\u00f2ro, perch\u00e9 doveva passare di l\u00e0.<br \/>\n Quando  giunse sul luogo, Ges\u00f9 alz\u00f2 lo sguardo e gli disse: \u00abZacch\u00e8o, scendi  subito, perch\u00e9 oggi devo fermarmi a casa tua\u00bb. Scese in fretta e lo  accolse pieno di gioia. Vedendo ci\u00f2, tutti mormoravano: \u00ab\u00c8 entrato in  casa di un peccatore!\u00bb.<br \/>\n Ma Zacch\u00e8o, alzatosi, disse al Signore:  \u00abEcco, Signore, io do la met\u00e0 di ci\u00f2 che possiedo ai poveri e, se ho  rubato a qualcuno, restituisco quattro volte tanto\u00bb.<br \/>\n Ges\u00f9 gli  rispose: \u00abOggi per questa casa \u00e8 venuta la salvezza, perch\u00e9 anch\u2019egli \u00e8  figlio di Abramo. Il Figlio dell\u2019uomo infatti \u00e8 venuto a cercare e a  salvare ci\u00f2 che era perduto\u00bb.<br \/>\n C: Parola del Signore.<br \/>\n A: Lode a Te o Cristo.<\/p>\n<\/blockquote>\n<p style=\"text-align: center;\">[oembed] {&#8220;url&#8221;:&#8221;xxxxxxxxxxx&#8221;, &#8220;width&#8221;:480, &#8220;height&#8221;:360} [\/oembed]<\/p>\n<p class=\"lampadina\"><em>Trasmissione in onda su Tele Genova ogni sabato alle ore 19:45<\/em><\/p>\n<p class=\"link\">Link utili: <a href=\"http:\/\/www.telegenova.com\" target=\"_blank\">www.telegenova.com<\/a> &#8211; www.donvale.it<\/p>\n","protected":false},"excerpt":{"rendered":"<p>Il commento al Vangelo della XXXI domenica del Tempo Ordinario (Anno C). Lc 19, 1-10 Dal Vangelo secondo Luca In quel tempo, Ges\u00f9 entr\u00f2 nella citt\u00e0 di G\u00e8rico e la stava attraversando, quand\u2019ecco un uomo, di nome Zacch\u00e8o, capo dei pubblicani e ricco, cercava di vedere chi era Ges\u00f9, ma non gli riusciva a causa&#8230;<\/p>\n","protected":false},"author":3,"featured_media":0,"comment_status":"closed","ping_status":"closed","sticky":false,"template":"","format":"standard","meta":{"_kad_post_transparent":"","_kad_post_title":"","_kad_post_layout":"","_kad_post_sidebar_id":"","_kad_post_content_style":"","_kad_post_vertical_padding":"","_kad_post_feature":"","_kad_post_feature_position":"","_kad_post_header":false,"_kad_post_footer":false,"_kad_post_classname":"","footnotes":""},"categories":[100,147],"tags":[172,83],"class_list":["post-231203","post","type-post","status-publish","format-standard","hentry","category-100","category-commento-al-vangelo","tag-vangelo-della-domenica","tag-youtube"],"_links":{"self":[{"href":"https:\/\/archivio.cercoiltuovolto.it\/index.php?rest_route=\/wp\/v2\/posts\/231203","targetHints":{"allow":["GET"]}}],"collection":[{"href":"https:\/\/archivio.cercoiltuovolto.it\/index.php?rest_route=\/wp\/v2\/posts"}],"about":[{"href":"https:\/\/archivio.cercoiltuovolto.it\/index.php?rest_route=\/wp\/v2\/types\/post"}],"author":[{"embeddable":true,"href":"https:\/\/archivio.cercoiltuovolto.it\/index.php?rest_route=\/wp\/v2\/users\/3"}],"replies":[{"embeddable":true,"href":"https:\/\/archivio.cercoiltuovolto.it\/index.php?rest_route=%2Fwp%2Fv2%2Fcomments&post=231203"}],"version-history":[{"count":0,"href":"https:\/\/archivio.cercoiltuovolto.it\/index.php?rest_route=\/wp\/v2\/posts\/231203\/revisions"}],"wp:attachment":[{"href":"https:\/\/archivio.cercoiltuovolto.it\/index.php?rest_route=%2Fwp%2Fv2%2Fmedia&parent=231203"}],"wp:term":[{"taxonomy":"category","embeddable":true,"href":"https:\/\/archivio.cercoiltuovolto.it\/index.php?rest_route=%2Fwp%2Fv2%2Fcategories&post=231203"},{"taxonomy":"post_tag","embeddable":true,"href":"https:\/\/archivio.cercoiltuovolto.it\/index.php?rest_route=%2Fwp%2Fv2%2Ftags&post=231203"}],"curies":[{"name":"wp","href":"https:\/\/api.w.org\/{rel}","templated":true}]}}