{"id":231202,"date":"2010-10-29T06:00:03","date_gmt":"2010-10-29T06:00:03","guid":{"rendered":"https:\/\/archivio.cercoiltuovolto.it\/?p=231202"},"modified":"2010-10-29T06:00:03","modified_gmt":"2010-10-29T06:00:03","slug":"commento-al-vangelo-lunedi-1-novembre-2010-bellanotizia","status":"publish","type":"post","link":"https:\/\/archivio.cercoiltuovolto.it\/?p=231202","title":{"rendered":"Commento al Vangelo &#8211; Luned\u00ec 1 novembre 2010 &#8211; Bellanotizia"},"content":{"rendered":"<p style=\"text-align: center;\"><a href=\"http:\/\/www.cercoiltuovolto.it\/\/wp-content\/uploads\/2010\/01\/bellanotizia.jpg\"><img loading=\"lazy\" decoding=\"async\" class=\"alignnone size-full wp-image-9455\" title=\"bellanotizia\" src=\"http:\/\/www.cercoiltuovolto.it\/\/wp-content\/uploads\/2010\/01\/bellanotizia.jpg\" alt=\"\" width=\"480\" height=\"100\" \/><\/a><\/p>\n<p style=\"text-align: justify;\">Questa \u00e8 una rielaborazione <strong>audio\/video<\/strong> sulle letture della Messa di:<strong><em> Luned\u00ec 1 novembre 2010 &#8211; Tutti i Santi <\/em><\/strong>(Anno C) a cura di <a href=\"http:\/\/www.bellanotizia.it\" target=\"_blank\">Antonio Di Lieto<\/a>.<\/p>\n<p style=\"text-align: justify;\">Il titolo della Messa, che unifica tutte le letture, secondo l&#8217;autore \u00e8: <strong>Raggianti come stelle !<\/strong><\/p>\n<div class=\"powerpressbox\">[powerpress]<\/div>\n<p style=\"text-align: center;\">\n<h2>Commento alle Letture<\/h2>\n<blockquote>\n<h3>PRIMA LETTURA (dall\u2019Apocalisse di Giovanni 7,2-4.9-14)<\/h3>\n<p>L\u2019Apocalisse di Giovanni \u00e8 Parola di Dio. Quindi \u00e8 Dio  che ci parla e ci dice: \u201cUn giorno io presi Giovanni e gli feci vedere i  quattro angeli, che stavano per dare inizio alla fine del mondo. Ad un  tratto arriv\u00f2 un altro angelo, con in mano il Mio sigillo, che gridava a  gran voce: \u00abAspettate, aspettate: prima devo segnare col sigillo di Dio  tutti gli uomini buoni della terra!\u00bb. E segnava sulla fronte migliaia e  migliaia di persone. Dopo arriv\u00f2 una moltitudine immensa di gente,  tanti che nessuno poteva contarli: di ogni razza e lingua. Stavano tutti  in piedi davanti al Mio trono e davanti a Ges\u00f9 Cristo: felicissimi.  Erano avvolti in vestiti RAGGIANTI e, portando nelle mani le palme della  vittoria, gridavano a gran voce: \u00abSiamo stati salvati da Dio che siede  sul trono: e da Ges\u00f9 Cristo!\u00bb. Allora gli angeli, gli anziani ed i  quattro cherubini che stavano intorno al trono, adorandomi in ginocchio  dicevano: \u00abA Dio siano dati lode e gloria, riconoscenza ed onore, potere  e forza. Nei secoli dei secoli, amen!\u00bb. Uno degli anziani poi chiese a  Giovanni: \u00abChi sono questi con i vestiti RAGGIANTI? Da dove vengono?\u00bb.  Giovanni gli rispose: \u00abTu lo sai meglio di me\u00bb. E lui: \u00abS\u00ec, sono quelli  che hanno sofferto per amore del Signore e, avendo sbiancato le loro  vesti col sangue di Cristo, ora stanno sempre accanto a Dio: felici e  RAGGIANTI COME STELLE!\u00bb \u201c .<\/p>\n<h3>SALMO RESPONSORIALE (Salmo 23,1-6)<\/h3>\n<p>Questo salmo \u00e8 Parola di Dio. Quindi \u00e8 Dio che ci parla e  ci dice: \u201cBeati quelli che cercano il Mio volto. Mio \u00e8 il mondo e tutto  ci\u00f2 che contiene: la terra e tutti i suoi abitanti. Io l\u2019ho creata:  posizionandola tra i fiumi e gli oceani. Chi potr\u00e0 salire nel Mio regno?  Ed abitare nella Mia casa? Chi ha mani innocenti e cuore buono: e non  si affida agli idoli. Per questo tu affidati solo a Me, che sono il  Signore: ed Io ti benedir\u00f2. Ti far\u00f2 giustizia: sar\u00f2 la tua salvezza.  Beati quelli che cercano il Mio volto, perch\u00e9 vivranno per sempre alla  Mia presenza: felici e RAGGIANTI COME STELLE !\u201d.<\/p>\n<h3>SECONDA LETTURA (dalla prima lettera di Giovanni 3,1-3)<\/h3>\n<p>Questa lettera di Giovanni \u00e8 Parola di Dio. Quindi \u00e8 Dio  che ci parla e &#8211; per bocca di Giovanni &#8211; ci dice: \u201cCarissimo, Io sono  tuo Padre Dio: e ti voglio tanto bene. Tanto che ti considero Mio  figlio. Ci pensi allora? Tu sei \u201cfiglio di Dio\u201d: lo sei veramente! Ecco  perch\u00e9 alcuni non ti amano: se non amano Me che sono il Padre, non  possono amare nemmeno te che sei Mio figlio. Quindi tu fin d\u2019ora,  carissimo, sei \u201cfiglio di Dio\u201d: ma non sai cosa diventerai. Per questo  ora te lo dico: un giorno sarai simile a Me, perch\u00e9 Mi vedrai cos\u00ec come  veramente Io sono! Come Ges\u00f9 Cristo \u00e8 puro infatti, se speri in Lui un  giorno sarai purificato. E vivrai per sempre alla Mia presenza: felice e  RAGGIANTE !\u201c.<\/p>\n<h3>VANGELO (Matteo 5,1-12a)<\/h3>\n<p>Questo vangelo \u00e8 Parola  di Dio. Quindi \u00e8 Ges\u00f9 che ci parla e ci dice: \u201cVedendo le folle che  venivano a Me sfiduciate, un giorno salii su una montagna. E sedutomi,  dissi con autorit\u00e0:<\/p>\n<p>\u00abBeati voi umili: perch\u00e8 sarete i proprietari del cielo.<br \/>\n Beati voi afflitti: perch\u00e9 sarete consolati da Dio.<br \/>\n Beati voi miti: perch\u00e9 erediterete il mondo.<br \/>\n Beati voi che subite ingiustizie: perch\u00e8 riceverete giustizia.<\/p>\n<p>Beati voi che sapete perdonare gli altri: perch\u00e8 sarete perdonati da Dio.<br \/>\n Beati voi che avete il cuore buono: perch\u00e8 vedrete il Signore.<br \/>\n Beati voi che cercate di costruire pace: perch\u00e8 siete veramente figli di Dio.<br \/>\n Beati voi che siete perseguitati ingiustamente: perch\u00e8 possiederete il regno dei cieli.<\/p>\n<p>Beati voi, quando vi  calunnieranno: e solo perch\u00e9 siete miei discepoli, mentiranno e diranno  cose false contro di voi. Quel giorno voi dovete rallegrarvi ed  esultare: perch\u00e8 la vostra ricompensa sar\u00e0 grandissima. Io infatti vi  far\u00f2 entrare nel Mio magnifico regno di gioia, dove vivrete per sempre  felici: RAGGIANTI COME STELLE !\u00bb&#8221;.<\/p>\n<\/blockquote>\n<blockquote>\n<p style=\"text-align: justify;\"><span class=\"morebis\"> <\/span><strong>Sul sito<\/strong> <a href=\"http:\/\/www.bellanotizia.it\/\" target=\"_blank\">http:\/\/www.bellanotizia.it<\/a> puoi scaricare tante altre &#8220;bellenotizie&#8221;, anche in forma di registrazione-audio e presentazione-video, oltre a diversi miei articoli, scritti, corrispondenze-mail ed ipotesi innovative.<br \/>\n <strong>Note<\/strong>: L&#8217;autore precisa che, anche se la lettura di queste bellenotizie aiuta a comprendere la prima parte della Messa (Liturgia della Parola), non potr\u00e0 mai sostituire la seconda parte (Liturgia eucaristica), in cui ci viene data la possibilit\u00e0 di &#8220;abbracciare&#8221; veramente il Corpo di Cristo.<\/p>\n<\/blockquote>\n<div id=\"_mcePaste\" style=\"position: absolute; left: -10000px; top: 60px; width: 1px; height: 1px; overflow: hidden;\">&lt;p style=&#8221;text-align: center;&#8221;&gt;&lt;a href=&#8221;http:\/\/www.cercoiltuovolto.it\/\/wp-content\/uploads\/2010\/02\/cuttano.jpg&#8221;&gt;&lt;img class=&#8221;alignnone size-full wp-image-9782&#8243; title=&#8221;cuttano&#8221; src=&#8221;http:\/\/www.cercoiltuovolto.it\/\/wp-content\/uploads\/2010\/02\/cuttano.jpg&#8221; alt=&#8221;&#8221; width=&#8221;380&#8243; height=&#8221;183&#8243; \/&gt;&lt;\/a&gt;&lt;\/p&gt;<\/p>\n<p><br class=\"spacer_\" \/><\/p>\n<p><br class=\"spacer_\" \/><\/p>\n<p><br class=\"spacer_\" \/><\/p>\n<p>&lt;h3&gt;Commento al Vangelo della XXVII settimana&lt;\/h3&gt;<br \/>\n &lt;blockquote&gt;&lt;p style=&#8221;text-align: justify;&#8221;&gt;&lt;em&gt;Lc 17, 5-10&lt;\/em&gt;&lt;br \/&gt;<br \/>\n &lt;em&gt;Dal Vangelo secondo Luca&lt;\/em&gt;&lt;br \/&gt;<br \/>\n In quel tempo, gli apostoli dissero al Signore: \u00abAccresci in noi la fede!\u00bb.&lt;br \/&gt;<br \/>\n Il Signore rispose: \u00abSe aveste fede quanto un granello di senape,\u00a0 potreste dire a questo gelso: \u201cSr\u00e0dicati e vai a piantarti nel mare\u201d, ed\u00a0 esso vi obbedirebbe.&lt;br \/&gt;<br \/>\n Chi di voi, se ha un servo ad arare o a\u00a0 pascolare il gregge, gli dir\u00e0, quando rientra dal campo: \u201cVieni subito e\u00a0 mettiti a tavola\u201d? Non gli dir\u00e0 piuttosto: \u201cPrepara da mangiare,\u00a0 str\u00edngiti le vesti ai fianchi e s\u00e9rvimi, finch\u00e9 avr\u00f2 mangiato e bevuto, e\u00a0 dopo mangerai e berrai tu\u201d? Avr\u00e0 forse gratitudine verso quel servo,\u00a0 perch\u00e9 ha eseguito gli ordini ricevuti?&lt;br \/&gt;<br \/>\n Cos\u00ec anche voi, quando\u00a0 avrete fatto tutto quello che vi \u00e8 stato ordinato, dite: \u201cSiamo servi\u00a0 inutili. Abbiamo fatto quanto dovevamo fare\u201d\u00bb.&lt;\/p&gt;<\/p>\n<p>&lt;p&gt;C: Parola del Signore.&lt;br \/&gt;<br \/>\n A: Lode a Te o Cristo.&lt;\/p&gt;&lt;\/blockquote&gt;<\/p>\n<p>&lt;p style=&#8221;text-align: center;&#8221;&gt;[oembed] {&#8220;url&#8221;:&#8221;http:\/\/www.youtube.com\/watch?v=h2Vni_9YTv8&amp;amp;feature=youtube_gdata&#8221;, &#8220;width&#8221;:480, &#8220;height&#8221;:360} [\/oembed]&lt;\/p&gt;<\/p>\n<\/div>\n","protected":false},"excerpt":{"rendered":"<p>Questa \u00e8 una rielaborazione audio\/video sulle letture della Messa di: Luned\u00ec 1 novembre 2010 &#8211; Tutti i Santi (Anno C) a cura di Antonio Di Lieto. Il titolo della Messa, che unifica tutte le letture, secondo l&#8217;autore \u00e8: Raggianti come stelle ! [powerpress] Commento alle Letture PRIMA LETTURA (dall\u2019Apocalisse di Giovanni 7,2-4.9-14) L\u2019Apocalisse di Giovanni&#8230;<\/p>\n","protected":false},"author":3,"featured_media":0,"comment_status":"closed","ping_status":"closed","sticky":false,"template":"","format":"standard","meta":{"_kad_post_transparent":"","_kad_post_title":"","_kad_post_layout":"","_kad_post_sidebar_id":"","_kad_post_content_style":"","_kad_post_vertical_padding":"","_kad_post_feature":"","_kad_post_feature_position":"","_kad_post_header":false,"_kad_post_footer":false,"_kad_post_classname":"","footnotes":""},"categories":[100,4],"tags":[34,5,392],"class_list":["post-231202","post","type-post","status-publish","format-standard","hentry","category-100","category-audio-cattolici","tag-bella-notizia","tag-commento-al-vangelo","tag-tutti-i-santi"],"_links":{"self":[{"href":"https:\/\/archivio.cercoiltuovolto.it\/index.php?rest_route=\/wp\/v2\/posts\/231202","targetHints":{"allow":["GET"]}}],"collection":[{"href":"https:\/\/archivio.cercoiltuovolto.it\/index.php?rest_route=\/wp\/v2\/posts"}],"about":[{"href":"https:\/\/archivio.cercoiltuovolto.it\/index.php?rest_route=\/wp\/v2\/types\/post"}],"author":[{"embeddable":true,"href":"https:\/\/archivio.cercoiltuovolto.it\/index.php?rest_route=\/wp\/v2\/users\/3"}],"replies":[{"embeddable":true,"href":"https:\/\/archivio.cercoiltuovolto.it\/index.php?rest_route=%2Fwp%2Fv2%2Fcomments&post=231202"}],"version-history":[{"count":0,"href":"https:\/\/archivio.cercoiltuovolto.it\/index.php?rest_route=\/wp\/v2\/posts\/231202\/revisions"}],"wp:attachment":[{"href":"https:\/\/archivio.cercoiltuovolto.it\/index.php?rest_route=%2Fwp%2Fv2%2Fmedia&parent=231202"}],"wp:term":[{"taxonomy":"category","embeddable":true,"href":"https:\/\/archivio.cercoiltuovolto.it\/index.php?rest_route=%2Fwp%2Fv2%2Fcategories&post=231202"},{"taxonomy":"post_tag","embeddable":true,"href":"https:\/\/archivio.cercoiltuovolto.it\/index.php?rest_route=%2Fwp%2Fv2%2Ftags&post=231202"}],"curies":[{"name":"wp","href":"https:\/\/api.w.org\/{rel}","templated":true}]}}