{"id":231201,"date":"2010-10-28T06:00:17","date_gmt":"2010-10-28T06:00:17","guid":{"rendered":"https:\/\/archivio.cercoiltuovolto.it\/?p=231201"},"modified":"2010-10-28T06:00:17","modified_gmt":"2010-10-28T06:00:17","slug":"commento-al-vangelo-domenica-31-ottobre-2010-bellanotizia","status":"publish","type":"post","link":"https:\/\/archivio.cercoiltuovolto.it\/?p=231201","title":{"rendered":"Commento al Vangelo &#8211; Domenica 31 ottobre 2010 &#8211; Bellanotizia"},"content":{"rendered":"<p><a href=\"http:\/\/www.cercoiltuovolto.it\/\/wp-content\/uploads\/2010\/01\/bellanotizia.jpg\"><img loading=\"lazy\" decoding=\"async\" class=\"alignnone size-full wp-image-9455\" title=\"bellanotizia\" src=\"http:\/\/www.cercoiltuovolto.it\/\/wp-content\/uploads\/2010\/01\/bellanotizia.jpg\" alt=\"\" width=\"480\" height=\"100\" \/><\/a><\/p>\n<p style=\"text-align: justify;\">Questa \u00e8 una rielaborazione <strong>audio\/video<\/strong> sulle letture della Messa di:<strong><em> DOMENICA\u00a0 31 ottobre 2010 &#8211; XXXI DOMENICA DEL TEMPO ORDINARIO <\/em><\/strong>(Anno C) a cura di <a href=\"http:\/\/www.bellanotizia.it\" target=\"_blank\">Antonio Di Lieto<\/a>.<\/p>\n<p style=\"text-align: justify;\">Il titolo della Messa, che unifica tutte le letture, secondo l&#8217;autore \u00e8: <strong>Salva gli uomini persi !<\/strong><\/p>\n<div class=\"powerpressbox\">[powerpress]<\/div>\n<p style=\"text-align: center;\">[oembed] {&#8220;url&#8221;:&#8221;http:\/\/www.youtube.com\/watch?v=EdL5rtuU9Oc&amp;feature=youtube_gdata&#8221;, &#8220;width&#8221;:480, &#8220;height&#8221;:360} [\/oembed]<\/p>\n<h2>Commento alle Letture<\/h2>\n<blockquote style=\"text-align: justify;\">\n<h3>PRIMA LETTURA (dal libro della Sapienza 11,22 &#8211; 12,2)<\/h3>\n<p style=\"text-align: justify;\">Questa lettura \u00e8 Parola di Dio. Quindi \u00e8 Dio che ci  parla e ci dice: \u201cIo sono il Signore. Di fronte a Me il mondo intero, \u00e8  come una goccia di rugiada al mattino: come un granellino di polvere,  messo sulla bilancia! Io posso tutto: ed ho compassione di tutti. Cerco  infatti di chiudere un occhio, di fronte ai tuoi peccati: aspettando il  tuo pentimento. S\u00ec, perch\u00e9 Io amo tutti: non odio nessuno. D\u2019altronde  come potrei odiare qualcuno, se vi ho creati tutti Io? E come pu\u00f2  esistere qualcuno, che non sia stato voluto da Me? E come pu\u00f2  sopravvivere, se Io non lo voglio? Per questo Io sono indulgente verso  di te: perch\u00e8 sei una Mia creatura. Perch\u00e9 in te pulsa il Mio spirito.  Tutte le cose che vivono infatti, le ho fatte Io: Io che sono il  Signore, amante della vita! Per questo quando sbagli Io non ti  distruggo, ma ti correggo a poco a poco: ti ammonisco, affinch\u00e8 tu  comprenda dove hai peccato. E rinnegando la tua cattiveria, ti affidi a  Me. Perch\u00e9 Io non desidero altro, che SALVARE GLI UOMINI PERSI !\u201d.<\/p>\n<h3>SALMO RESPONSORIALE (Salmo 144,1-2.8-12.14)<\/h3>\n<p class=\"Stile33\" style=\"text-align: justify;\">Questo salmo \u00e8 Parola di Dio. Quindi \u00e8 Dio che ci parla e  ci dice: \u201cIo sono il tuo Signore: benedici sempre il Mio nome. Io sono  il tuo Dio, il tuo Re: benedicimi ed esaltami sempre, ogni giorno della  tua vita. Io sono il Signore, paziente e misericordioso: poco propenso  alla rabbia e sempre disposto ad amare! Sono buono con tutti: la Mia  tenerezza si espande su tutto l\u2019universo. Voi che siete Mie creature,  lodatemi: voi che siete Miei fedeli, beneditemi. Parlate della Mia  potenza: raccontate la Mia bellezza. Ditelo a tutti, che le Mie parole  sono giuste: e sono buone tutte le Mie opere. Perch\u00e8 Io sono sempre  disposto a sostenere chi vacilla, a rialzare chi \u00e8 caduto: a SALVARE CHI  SI \u00c9 PERSO !\u201d.<\/p>\n<h3>SECONDA LETTURA (2^ lettera di Paolo ai cristiani di Tessalonica 1,11 &#8211; 2,2)<\/h3>\n<p class=\"Stile33\" style=\"text-align: justify;\">Questa lettera di Paolo \u00e8 Parola di Dio. Quindi \u00e8 Dio  che ci parla e \u2013 per bocca di Paolo \u2013 ci dice: \u201cAma gli altri come  fratelli e prega continuamente per tutti: affinch\u00e8 Io &#8211; che sono il tuo  Dio &#8211; possa renderti degno della grandezza a cui ti ho chiamato. Ed  aiutarti con la Mia potenza a realizzare tutte le opere buone, che il  tuo cuore pieno di fede ti chiede di compiere. Con l\u2019aiuto della Mia  grazia cos\u00ec, renderai gloria al tuo Signore Ges\u00f9 Cristo: ed anche Lui,  potr\u00e0 gloriarsi di te. Ti raccomando poi di non lasciarti confondere ed  allarmare, da chi dice che la fine del mondo \u00e8 vicina: affermando di  averlo saputo per ispirazione, o da un discorso di qualcuno, o da una  lettera scritta da Paolo o da altri. Non dimenticare infatti, che  nessuno pu\u00f2 sapere il giorno in cui questo mondo finir\u00e0: l&#8217;ora in cui il  Signore Ges\u00f9 Cristo torner\u00e0, a SALVARE i giusti !\u201d.<\/p>\n<h3>VANGELO (Luca 19,1-10)<\/h3>\n<p class=\"Stile33\" style=\"text-align: justify;\">Questo vangelo \u00e8 Parola  di Dio. Quindi \u00e8 Ges\u00f9 che ci parla e ci racconta: \u201cUn giorno mentre  stavo entrando nella citt\u00e0 di G\u00e8rico, un uomo ricco e corrotto di nome  Zacch\u00e8o (era il capo degli esattori delle tasse, dei pubblicani!) stava  in mezzo alla gente: desideroso di vedermi. Ma non ci riusciva, perch\u00e9  c\u2019era troppa folla: e lui era basso di statura.<\/p>\n<p class=\"Stile33\" style=\"text-align: justify;\">Allora si fece avanti e  decise di salire su di un albero di sicom\u00f2ro: proprio nel punto in cui  stavo per passare. Arrivando lo vidi e, alzando lo sguardo verso di lui,  gli dissi: \u201cZacch\u00e8o, perch\u00e8 ci tieni tanto a vedermi? D\u00e0i, scendi: che  se mi vuoi verr\u00f2 subito a casa tua!&#8221;.<\/p>\n<p class=\"Stile33\" style=\"text-align: justify;\">Zacch\u00e8o scese  immediatamente e si mise a farmi strada verso casa: pieno di gioia.  Tutti per\u00f2 mormoravano alle sue spalle, dicendo: \u201cSta andando a casa di  un esattore ladro: di un peccatore schifoso!\u201d.<\/p>\n<p class=\"Stile33\" style=\"text-align: justify;\">Zacch\u00e8o allora si ferm\u00f2  e sinceramente pentito, mi disse: \u201cSignore, ho deciso di cambiare: per  questo dar\u00f2 la met\u00e0 dei miei beni ai poveri. Ed a tutti quelli a cui ho  rubato qualcosa, ti prometto che restituir\u00f2 4 volte di pi\u00f9!\u201d.<\/p>\n<p>Io allora  esclamai: \u201cIn questa casa \u00e8 appena entrata la SALVEZZA: perch\u00e9 da oggi  anche quest\u2019uomo, pu\u00f2 dire di essere figlio di Abramo. Io infatti sono  venuto proprio per aiutare i peccatori: per SALVARE GLI UOMINI PERSI!\u201d.<\/p><\/blockquote>\n<blockquote>\n<p style=\"text-align: justify;\"><span class=\"morebis\"> <\/span><strong>Sul sito<\/strong> <a href=\"http:\/\/www.bellanotizia.it\/\" target=\"_blank\">http:\/\/www.bellanotizia.it<\/a> puoi scaricare tante altre &#8220;bellenotizie&#8221;, anche in forma di registrazione-audio e presentazione-video, oltre a diversi miei articoli, scritti, corrispondenze-mail ed ipotesi innovative.<br \/>\n <strong>Note<\/strong>: L&#8217;autore precisa che, anche se la lettura di queste bellenotizie aiuta a comprendere la prima parte della Messa (Liturgia della Parola), non potr\u00e0 mai sostituire la seconda parte (Liturgia eucaristica), in cui ci viene data la possibilit\u00e0 di &#8220;abbracciare&#8221; veramente il Corpo di Cristo.<\/p>\n<\/blockquote>\n<div id=\"_mcePaste\" style=\"position: absolute; left: -10000px; top: 60px; width: 1px; height: 1px; overflow: hidden;\">\n<p style=\"text-align: center;\"><a href=\"http:\/\/www.cercoiltuovolto.it\/\/wp-content\/uploads\/2010\/02\/cuttano.jpg\"><img loading=\"lazy\" decoding=\"async\" class=\"alignnone size-full wp-image-9782\" title=\"cuttano\" src=\"http:\/\/www.cercoiltuovolto.it\/\/wp-content\/uploads\/2010\/02\/cuttano.jpg\" alt=\"\" width=\"380\" height=\"183\" \/><\/a><\/p>\n<p><br class=\"spacer_\" \/><\/p>\n<h3>Commento al Vangelo della XXVII settimana<\/h3>\n<p><br class=\"spacer_\" \/><\/p>\n<blockquote>\n<p style=\"text-align: justify;\"><em>Lc 17, 5-10<\/em><\/p>\n<p> <em>Dal Vangelo secondo Luca<\/em><\/p>\n<p> In quel tempo, gli apostoli dissero al Signore: \u00abAccresci in noi la fede!\u00bb.<\/p>\n<p> Il Signore rispose: \u00abSe aveste fede quanto un granello di senape,\u00a0 potreste dire a questo gelso: \u201cSr\u00e0dicati e vai a piantarti nel mare\u201d, ed\u00a0 esso vi obbedirebbe.<\/p>\n<p> Chi di voi, se ha un servo ad arare o a\u00a0 pascolare il gregge, gli dir\u00e0, quando rientra dal campo: \u201cVieni subito e\u00a0 mettiti a tavola\u201d? Non gli dir\u00e0 piuttosto: \u201cPrepara da mangiare,\u00a0 str\u00edngiti le vesti ai fianchi e s\u00e9rvimi, finch\u00e9 avr\u00f2 mangiato e bevuto, e\u00a0 dopo mangerai e berrai tu\u201d? Avr\u00e0 forse gratitudine verso quel servo,\u00a0 perch\u00e9 ha eseguito gli ordini ricevuti?<\/p>\n<p> Cos\u00ec anche voi, quando\u00a0 avrete fatto tutto quello che vi \u00e8 stato ordinato, dite: \u201cSiamo servi\u00a0 inutili. Abbiamo fatto quanto dovevamo fare\u201d\u00bb.<\/p>\n<p><br class=\"spacer_\" \/><\/p>\n<p>C: Parola del Signore.<\/p>\n<p> A: Lode a Te o Cristo.<\/p>\n<\/blockquote>\n<p><br class=\"spacer_\" \/><\/p>\n<p style=\"text-align: center;\">[oembed] {&#8220;url&#8221;:&#8221;http:\/\/www.youtube.com\/watch?v=h2Vni_9YTv8&amp;amp;feature=youtube_gdata&#8221;, &#8220;width&#8221;:480, &#8220;height&#8221;:360} [\/oembed]<\/p>\n<\/div>\n","protected":false},"excerpt":{"rendered":"<p>Questa \u00e8 una rielaborazione audio\/video sulle letture della Messa di: DOMENICA\u00a0 31 ottobre 2010 &#8211; XXXI DOMENICA DEL TEMPO ORDINARIO (Anno C) a cura di Antonio Di Lieto. Il titolo della Messa, che unifica tutte le letture, secondo l&#8217;autore \u00e8: Salva gli uomini persi ! [powerpress] [oembed] {&#8220;url&#8221;:&#8221;http:\/\/www.youtube.com\/watch?v=EdL5rtuU9Oc&amp;feature=youtube_gdata&#8221;, &#8220;width&#8221;:480, &#8220;height&#8221;:360} [\/oembed] Commento alle Letture PRIMA&#8230;<\/p>\n","protected":false},"author":3,"featured_media":0,"comment_status":"closed","ping_status":"closed","sticky":false,"template":"","format":"standard","meta":{"_kad_post_transparent":"","_kad_post_title":"","_kad_post_layout":"","_kad_post_sidebar_id":"","_kad_post_content_style":"","_kad_post_vertical_padding":"","_kad_post_feature":"","_kad_post_feature_position":"","_kad_post_header":false,"_kad_post_footer":false,"_kad_post_classname":"","footnotes":""},"categories":[100,232],"tags":[5,172],"class_list":["post-231201","post","type-post","status-publish","format-standard","hentry","category-100","category-bella-notizia","tag-commento-al-vangelo","tag-vangelo-della-domenica"],"_links":{"self":[{"href":"https:\/\/archivio.cercoiltuovolto.it\/index.php?rest_route=\/wp\/v2\/posts\/231201","targetHints":{"allow":["GET"]}}],"collection":[{"href":"https:\/\/archivio.cercoiltuovolto.it\/index.php?rest_route=\/wp\/v2\/posts"}],"about":[{"href":"https:\/\/archivio.cercoiltuovolto.it\/index.php?rest_route=\/wp\/v2\/types\/post"}],"author":[{"embeddable":true,"href":"https:\/\/archivio.cercoiltuovolto.it\/index.php?rest_route=\/wp\/v2\/users\/3"}],"replies":[{"embeddable":true,"href":"https:\/\/archivio.cercoiltuovolto.it\/index.php?rest_route=%2Fwp%2Fv2%2Fcomments&post=231201"}],"version-history":[{"count":0,"href":"https:\/\/archivio.cercoiltuovolto.it\/index.php?rest_route=\/wp\/v2\/posts\/231201\/revisions"}],"wp:attachment":[{"href":"https:\/\/archivio.cercoiltuovolto.it\/index.php?rest_route=%2Fwp%2Fv2%2Fmedia&parent=231201"}],"wp:term":[{"taxonomy":"category","embeddable":true,"href":"https:\/\/archivio.cercoiltuovolto.it\/index.php?rest_route=%2Fwp%2Fv2%2Fcategories&post=231201"},{"taxonomy":"post_tag","embeddable":true,"href":"https:\/\/archivio.cercoiltuovolto.it\/index.php?rest_route=%2Fwp%2Fv2%2Ftags&post=231201"}],"curies":[{"name":"wp","href":"https:\/\/api.w.org\/{rel}","templated":true}]}}