{"id":231194,"date":"2010-10-26T06:00:06","date_gmt":"2010-10-26T06:00:06","guid":{"rendered":"https:\/\/archivio.cercoiltuovolto.it\/?p=231194"},"modified":"2010-10-26T06:00:06","modified_gmt":"2010-10-26T06:00:06","slug":"a-sua-immagine-cristianofobia","status":"publish","type":"post","link":"https:\/\/archivio.cercoiltuovolto.it\/?p=231194","title":{"rendered":"A Sua immagine &#8211; Cristianofobia"},"content":{"rendered":"<p style=\"text-align: justify;\"><a href=\"http:\/\/www.cercoiltuovolto.it\/\/wp-content\/uploads\/2010\/10\/Cristianofobia.png\"><img loading=\"lazy\" decoding=\"async\" class=\"aligncenter size-full wp-image-14367\" title=\"Cristianofobia\" src=\"http:\/\/www.cercoiltuovolto.it\/\/wp-content\/uploads\/2010\/10\/Cristianofobia.png\" alt=\"\" width=\"425\" height=\"167\" \/><\/a><\/p>\n<p style=\"text-align: justify;\">La Giornata Mondiale Missionaria e il Sinodo sul Medioriente, sono questi i temi principali della puntata di A Sua Immagine, in onda questa domenica su Raiuno.La chiusura del Sinodo sul Medioriente, invece, sar\u00e0 l\u2019avvenimento che ci permetter\u00e0 di comprendere la modalit\u00e0 di presenza della Chiesa in Medioriente, l\u2019unit\u00e0 della Chiesa Cattolica con le altre chiese ma soprattutto avremo modo di scoprire la realt\u00e0 dei cristiani nel mondo, la loro fede, le persecuzioni, il loro futuro.<\/p>\n<p style=\"text-align: justify;\">Spezzare pane per tutti i popoli\u201d \u00e8 il tema della Giornata Missionaria, un\u2019 occasione per comprendere gli atteggiamenti concreti richiesti dalla vocazione cristiana. Si parler\u00e0 di contemplazione, vocazione, responsabilit\u00e0, carit\u00e0, gli aspetti su cui si \u00e8 concentrato l\u2019ottobre missionario.<\/p>\n<p style=\"text-align: justify;\">In studio con Rosario Carello, Don Giovanni Attilio Cesena, Direttore dell\u2019Ufficio Nazionale per la cooperazione missionaria tra le Chiese e Carlo Giorgi, giornalista redattore della rivista Terra Santa e del Sole 24 Ore.<br \/>\n In collegamento dal Libano Padre Elie Mady, superiore generale del santuario della Madonna di Harissa che ci racconter\u00e0 della situazione dei cristiani iracheni profughi a Beirut.<\/p>\n<p style=\"text-align: justify;\">Nel notiziario presentato da Francesca Fialdini, gli appuntamenti culturali e l\u2019attualit\u00e0 della Chiesa italiana.<\/p>\n<p style=\"text-align: justify;\">A commentare l\u2019Angelus di Papa Benedetto XVI, in onda alle 12.00, Franco Miano, presidente nazionale dell\u2019Azione Cattolica Italiana.<\/p>\n<p style=\"text-align: center;\">\n<p class=\"link\" style=\"text-align: justify;\">Fonte: <a href=\"http:\/\/asuaimmagine.blog.rai.it\/2010\/10\/21\/domenica\/\">A Sua immagine<\/a><\/p>\n","protected":false},"excerpt":{"rendered":"<p>La Giornata Mondiale Missionaria e il Sinodo sul Medioriente, sono questi i temi principali della puntata di A Sua Immagine, in onda questa domenica su Raiuno.La chiusura del Sinodo sul Medioriente, invece, sar\u00e0 l\u2019avvenimento che ci permetter\u00e0 di comprendere la modalit\u00e0 di presenza della Chiesa in Medioriente, l\u2019unit\u00e0 della Chiesa Cattolica con le altre chiese&#8230;<\/p>\n","protected":false},"author":3,"featured_media":0,"comment_status":"closed","ping_status":"closed","sticky":false,"template":"","format":"standard","meta":{"_kad_post_transparent":"","_kad_post_title":"","_kad_post_layout":"","_kad_post_sidebar_id":"","_kad_post_content_style":"","_kad_post_vertical_padding":"","_kad_post_feature":"","_kad_post_feature_position":"","_kad_post_header":false,"_kad_post_footer":false,"_kad_post_classname":"","footnotes":""},"categories":[100,381],"tags":[24,113],"class_list":["post-231194","post","type-post","status-publish","format-standard","hentry","category-100","category-in-evidenza","tag-televisione","tag-video"],"_links":{"self":[{"href":"https:\/\/archivio.cercoiltuovolto.it\/index.php?rest_route=\/wp\/v2\/posts\/231194","targetHints":{"allow":["GET"]}}],"collection":[{"href":"https:\/\/archivio.cercoiltuovolto.it\/index.php?rest_route=\/wp\/v2\/posts"}],"about":[{"href":"https:\/\/archivio.cercoiltuovolto.it\/index.php?rest_route=\/wp\/v2\/types\/post"}],"author":[{"embeddable":true,"href":"https:\/\/archivio.cercoiltuovolto.it\/index.php?rest_route=\/wp\/v2\/users\/3"}],"replies":[{"embeddable":true,"href":"https:\/\/archivio.cercoiltuovolto.it\/index.php?rest_route=%2Fwp%2Fv2%2Fcomments&post=231194"}],"version-history":[{"count":0,"href":"https:\/\/archivio.cercoiltuovolto.it\/index.php?rest_route=\/wp\/v2\/posts\/231194\/revisions"}],"wp:attachment":[{"href":"https:\/\/archivio.cercoiltuovolto.it\/index.php?rest_route=%2Fwp%2Fv2%2Fmedia&parent=231194"}],"wp:term":[{"taxonomy":"category","embeddable":true,"href":"https:\/\/archivio.cercoiltuovolto.it\/index.php?rest_route=%2Fwp%2Fv2%2Fcategories&post=231194"},{"taxonomy":"post_tag","embeddable":true,"href":"https:\/\/archivio.cercoiltuovolto.it\/index.php?rest_route=%2Fwp%2Fv2%2Ftags&post=231194"}],"curies":[{"name":"wp","href":"https:\/\/api.w.org\/{rel}","templated":true}]}}