{"id":231144,"date":"2010-10-18T13:27:10","date_gmt":"2010-10-18T13:27:10","guid":{"rendered":"https:\/\/archivio.cercoiltuovolto.it\/?p=231144"},"modified":"2010-10-18T13:27:10","modified_gmt":"2010-10-18T13:27:10","slug":"commento-al-vangelo-del-24-ottobre-2010-paolo-curtaz","status":"publish","type":"post","link":"https:\/\/archivio.cercoiltuovolto.it\/?p=231144","title":{"rendered":"Commento al Vangelo del 24 ottobre 2010 \u2013 Paolo Curtaz"},"content":{"rendered":"<p style=\"text-align: justify;\"><a href=\"http:\/\/www.cercoiltuovolto.it\/\/wp-content\/uploads\/2010\/10\/Lc-18-9-14.jpg\"><img loading=\"lazy\" decoding=\"async\" class=\"aligncenter size-medium wp-image-14147\" title=\"Lc 18 9-14\" src=\"http:\/\/www.cercoiltuovolto.it\/\/wp-content\/uploads\/2010\/10\/Lc-18-9-14-472x300.jpg\" alt=\"\" width=\"472\" height=\"300\" \/><\/a><br class=\"spacer_\" \/><\/p>\n<p style=\"text-align: justify;\">Trentesima domenica durante l&#8217;anno<\/p>\n<p style=\"text-align: justify;\">Sir 35,12-14.16-18\/ 2Tm 4,6-8.16-18\/ Lc 18,9-14<\/p>\n<h1 style=\"text-align: justify;\">Vuoti da riempire<\/h1>\n<p style=\"text-align: justify;\">Sopravvivere nella fede, in questi fragili tempi, richiede una costanza e una determinazione degna di un martire. I ritmi della vita, le continue spinte che ci allontanano dalla visione evangelica, un certo sottile scoraggiamento, ci impediscono, realisticamente, di vivere con serenit\u00e0 il nostro discepolato.<\/p>\n<p style=\"text-align: justify;\">Un cristiano adulto con moglie e figli, se riesce a sfangarsi dall\u2019organizzazione della vita quotidiana (lavoro, scuola, spesa\u2026) difficilmente riesce ad organizzarsi una vita interiore che vada al di l\u00e0 della Messa domenicale (quando va bene!).<\/p>\n<p style=\"text-align: justify;\">Ma se non riusciamo, quotidianamente, a trovare uno spazio, seppur piccolo, di preghiera ed interiorit\u00e0, non riusciremo a conservare la fede.<\/p>\n<p style=\"text-align: center;\">[oembed] {&#8220;url&#8221;:&#8221;http:\/\/www.youtube.com\/watch?v=px4ajIJTJbc&amp;feature=youtube_gdata&#8221;, &#8220;width&#8221;:480, &#8220;height&#8221;:360} [\/oembed]<\/p>\n<h2 style=\"text-align: justify;\">La preghiera cristiana<\/h2>\n<p style=\"text-align: justify;\">La preghiera \u00e8 una questione di fede: credere che il Dio che invochiamo non \u00e8 una specie di sommo organizzatore dell\u2019universo che, se corrotto, potrebbe anche concederci ci\u00f2 che chiediamo. Dio non \u00e8 un potente da blandire, un giudice corrotto da convincere, non \u00e8 un sottosegretario da cui farsi raccomandare, ma un padre che sa ci\u00f2 di cui abbiamo bisogno.<\/p>\n<p style=\"text-align: justify;\">Se la nostra preghiera fa cilecca, sembra suggerirci Ges\u00f9, \u00e8 perch\u00e9 manca l\u2019insistenza.<\/p>\n<p style=\"text-align: justify;\">O manca la fede.<\/p>\n<p style=\"text-align: justify;\">Oggi, con l\u2019acida parabola del pubblicano e del fariseo, ci viene suggerita un\u2019altra pista di riflessione.<\/p>\n<h2 style=\"text-align: justify;\">Il fariseo e l\u2019ingombro del cuore<\/h2>\n<p style=\"text-align: justify;\">I farisei erano devoti alla legge, cercavano di contrastare il generale rilassamento del popolo di Israele, osservando con scrupolo ogni piccolissima direttiva della legge di Dio. L\u2019elenco che il fariseo fa, di fronte a Dio, \u00e8 corretto: per zelo il fariseo paga la decima parte dei suoi introiti, non soltanto, come tutti, dello stipendio, ma finanche delle erbe da tisana e delle spezie da cucina!<\/p>\n<p style=\"text-align: justify;\">Ogni buon parroco vorrebbe avere, tra i suoi parrocchiani, almeno un fariseo: il decimo dello stipendio riempirebbe in fretta le casse della Parrocchia!<br \/>\n Qual \u00e8, allora il problema del fariseo?<\/p>\n<p style=\"text-align: justify;\">Semplice, dice Ges\u00f9, \u00e8 talmente pieno della sua nuova e scintillante identit\u00e0 spirituale, talmente consapevole della sua bravura, talmente riempito del suo <em>ego<\/em> (quello spirituale, il pi\u00f9 difficile da superare), che Dio non sa proprio dove mettersi.<\/p>\n<p style=\"text-align: justify;\">Peggio: invece di confrontarsi con il progetto (splendido) che Dio ha su ciascuno di noi (e su di lui), si confronta con chi fa peggio, con quel pubblicano, l\u00ec in fondo, che non dovrebbe neanche permettersi di entrare in chiesa!<\/p>\n<p style=\"text-align: justify;\">Questo \u00e8 il nocciolo della questione: avviene che ci mettiamo \u2013 sul serio! \u2013 alla ricerca di Dio. Desideriamo profondamente conoscerlo, diventare discepoli, ma non riusciamo a creare uno spazio interiore sufficiente perch\u00e9 egli possa manifestarsi. Con la testa e il cuore ingombri di preoccupazioni, di desideri, di pensieri, concretamente non riusciamo a fargli spazio.<\/p>\n<p style=\"text-align: justify;\">Oppure accade che, dopo un\u2019esperienza fulminante, che so, un ritiro, un pellegrinaggio, sentiamo forte la sua presenza, ma, una volta tornati a casa, la nostra testa viene riempita dalle preoccupazioni di questo mondo.<\/p>\n<p style=\"text-align: justify;\">Non \u00e8 solo il problema dell\u2019orgoglio. \u00c8 proprio una complicazione dell\u2019esistere, una vita che non riesce ad uscir fuori dal buco nero in cui si \u00e8 infilata.<\/p>\n<h2 style=\"text-align: justify;\">Suggerimenti da pubblicano<\/h2>\n<p style=\"text-align: justify;\">Diventer\u00f2 (ancora pi\u00f9) antipatico a qualcuno, pazienza.<\/p>\n<p style=\"text-align: justify;\">Ma devo necessariamente darvi, per deontologia professionale, alcuni suggerimenti da pubblicano.<\/p>\n<p style=\"text-align: justify;\">Se non riesco a ritagliare nella mia giornata un quarto d\u2019ora di assoluto relax, di vuoto mentale, magari dopo una bella corsetta, o una passeggiata nel parco, se non faccio silenzio intorno (spengo la tiv\u00f9, stacco il cellulare), se non prevedo, almeno d\u2019ogni tanto, una pausa di una giornata non passata, al solito, in coda in autostrada per andare a riposare (sic!), far\u00f2 fatica a trovare un luogo in cui Dio sta.<\/p>\n<p style=\"text-align: justify;\">Lo so, coppie che leggete, oggi resistere costa fatica: la giornata \u00e8 stracolma di impegni indispensabili per sopravvivere e i figli piccoli complicano ulteriormente le cose.<\/p>\n<p style=\"text-align: justify;\">Ma credo sia possibile creare una <em>desert zone <\/em>nella nostra vita, ogni giorno. Se siete delle coppie, magari, datevi i turni, dei micro-spazi di relax.<\/p>\n<p style=\"text-align: justify;\">Non abbiamo spazio per l\u2019interiorit\u00e0, questo \u00e8 il problema.<\/p>\n<p style=\"text-align: justify;\"><strong>Vuoto<\/strong><\/p>\n<p style=\"text-align: justify;\">Il pubblicano, invece, di spazio ne ha tanto.<\/p>\n<p style=\"text-align: justify;\">Il denaro che ha guadagnato con disonest\u00e0, l\u2019odio dei suoi concittadini (\u00e8 un collaborazionista!), l\u2019impressione di avere fallito le sue scelte, creano un vuoto dentro di lui, un vuoto che Dio sapr\u00e0 riempire. Consapevole dei suoi limiti, li affida al Signore, chiede con verit\u00e0 e dolore, che Dio lo perdoni. E cos\u00ec accade.<\/p>\n<p style=\"text-align: justify;\">Esiste un modo di vivere e di essere discepoli pieno di arroganza e di ego smisurato, pieno di certezze da sbattere in faccia agli altri (basta vedere il livello dello scontro politico ed ideologico che viviamo!)<\/p>\n<p style=\"text-align: justify;\">Esiste un modo di vivere e di essere discepoli colmo di ricerca e di umilt\u00e0, di voglia di ascoltare e di capire, di continuare a cercare, pur avendo gi\u00e0 trovato il Signore.<\/p>\n<p style=\"text-align: justify;\">Il Vangelo di oggi ci ammonisce a lasciare un po\u2019 di spazio al Signore, a non presumere, a non pretendere, a non passare il tempo a elencare le nostre virt\u00f9.<\/p>\n<p style=\"text-align: justify;\">Siamo tutti nudi di fronte a Dio, tutti mendicanti, tutti peccatori.<\/p>\n<p style=\"text-align: justify;\">Ci \u00e8 impossibile giudicare, se non a partire dal limite, se non dall\u2019ultimo posto che il Figlio di Dio ha voluto abitare.<\/p>\n<p style=\"text-align: justify;\">Ancora una volta, il Signore chiede a ciascuno di noi l\u2019autenticit\u00e0, la capacit\u00e0 di presentarci di fronte a lui senza ruoli, senza maschere, senza paranoie.<\/p>\n<p style=\"text-align: justify;\">Dio non ha bisogno di bravi ragazzi che si presentano da lui per avere una pacca consolatoria sulle spalle, ma di figli che amano stare col padre, nell\u2019assoluta e (a volte) drammatica autenticit\u00e0.<\/p>\n<p style=\"text-align: justify;\">Questa \u00e8 la condizione per ottenere, come il pubblicano, la conversione del cuore.<\/p>\n<p style=\"text-align: justify;\"><br class=\"spacer_\" \/><\/p>\n<p class=\"link\" style=\"text-align: justify;\"><a href=\"http:\/\/www.paolocurtaz.it\">www.paolocurtaz.it<\/a><\/p>\n","protected":false},"excerpt":{"rendered":"<p>Trentesima domenica durante l&#8217;anno Sir 35,12-14.16-18\/ 2Tm 4,6-8.16-18\/ Lc 18,9-14 Vuoti da riempire Sopravvivere nella fede, in questi fragili tempi, richiede una costanza e una determinazione degna di un martire. I ritmi della vita, le continue spinte che ci allontanano dalla visione evangelica, un certo sottile scoraggiamento, ci impediscono, realisticamente, di vivere con serenit\u00e0 il&#8230;<\/p>\n","protected":false},"author":3,"featured_media":0,"comment_status":"closed","ping_status":"closed","sticky":false,"template":"","format":"standard","meta":{"_kad_post_transparent":"","_kad_post_title":"","_kad_post_layout":"","_kad_post_sidebar_id":"","_kad_post_content_style":"","_kad_post_vertical_padding":"","_kad_post_feature":"","_kad_post_feature_position":"","_kad_post_header":false,"_kad_post_footer":false,"_kad_post_classname":"","footnotes":""},"categories":[100,147],"tags":[380,223,172],"class_list":["post-231144","post","type-post","status-publish","format-standard","hentry","category-100","category-commento-al-vangelo","tag-in-evidenza","tag-paolo-curtaz","tag-vangelo-della-domenica"],"_links":{"self":[{"href":"https:\/\/archivio.cercoiltuovolto.it\/index.php?rest_route=\/wp\/v2\/posts\/231144","targetHints":{"allow":["GET"]}}],"collection":[{"href":"https:\/\/archivio.cercoiltuovolto.it\/index.php?rest_route=\/wp\/v2\/posts"}],"about":[{"href":"https:\/\/archivio.cercoiltuovolto.it\/index.php?rest_route=\/wp\/v2\/types\/post"}],"author":[{"embeddable":true,"href":"https:\/\/archivio.cercoiltuovolto.it\/index.php?rest_route=\/wp\/v2\/users\/3"}],"replies":[{"embeddable":true,"href":"https:\/\/archivio.cercoiltuovolto.it\/index.php?rest_route=%2Fwp%2Fv2%2Fcomments&post=231144"}],"version-history":[{"count":0,"href":"https:\/\/archivio.cercoiltuovolto.it\/index.php?rest_route=\/wp\/v2\/posts\/231144\/revisions"}],"wp:attachment":[{"href":"https:\/\/archivio.cercoiltuovolto.it\/index.php?rest_route=%2Fwp%2Fv2%2Fmedia&parent=231144"}],"wp:term":[{"taxonomy":"category","embeddable":true,"href":"https:\/\/archivio.cercoiltuovolto.it\/index.php?rest_route=%2Fwp%2Fv2%2Fcategories&post=231144"},{"taxonomy":"post_tag","embeddable":true,"href":"https:\/\/archivio.cercoiltuovolto.it\/index.php?rest_route=%2Fwp%2Fv2%2Ftags&post=231144"}],"curies":[{"name":"wp","href":"https:\/\/api.w.org\/{rel}","templated":true}]}}