{"id":231107,"date":"2010-10-09T19:51:47","date_gmt":"2010-10-09T19:51:47","guid":{"rendered":"https:\/\/archivio.cercoiltuovolto.it\/?p=231107"},"modified":"2010-10-09T19:51:47","modified_gmt":"2010-10-09T19:51:47","slug":"il-commento-di-padre-bruno-secondin-al-vangelo-di-domenica-10-ottobre-2010","status":"publish","type":"post","link":"https:\/\/archivio.cercoiltuovolto.it\/?p=231107","title":{"rendered":"Il commento di padre Bruno Secondin al Vangelo di domenica 10 ottobre 2010"},"content":{"rendered":"<p style=\"text-align: justify;\">In  questa 28.ma Domenica del Tempo ordinario, la liturgia ci propone il  passo del Vangelo in cui Ges\u00f9 guarisce dieci lebbrosi. Ma solo uno di  essi, un samaritano, lo ringrazier\u00e0. Il Signore dice:<\/p>\n<blockquote>\n<p style=\"text-align: justify;\">\u201cNon si \u00e8 trovato nessuno che tornasse indietro a rendere gloria a Dio, all\u2019infuori di questo straniero?\u00bb. E gli disse: \u00ab\u00c0lzati e va\u2019; la tua fede ti ha salvato!\u00bb\u201d..<\/p>\n<\/blockquote>\n<p>Su questo brano del Vangelo,  ascoltiamo il commento del carmelitano, padre Bruno Secondin,  docente di Teologia spirituale alla Pontificia Universit\u00e0 Gregoriana:<\/p>\n<blockquote>\n<p style=\"text-align: justify;\">\u201cGes\u00f9 pone un legame evidente fra salute e salvezza, in risposta al lebbroso samaritano che \u00e8 tornato a ringraziarlo. E molti dei cristiani di oggi potrebbero pensare che dove c\u2019\u00e8 salute, c\u2019\u00e8 anche benedizione di Dio e dove non c\u2019\u00e8 salute Dio si \u00e8 allontanato. Ma non \u00e8 proprio cos\u00ec. La salute non \u00e8 affatto tutto, come invece si dice: perch\u00e9 come persone umane non possiamo sempre stare in salute. E anche la malattia pu\u00f2 essere scuola di umanit\u00e0 e di maturit\u00e0, se \u00e8 vissuta come esperienza naturale della nostra fragilit\u00e0 costitutiva. La pienezza di vita promessa e donata da Cristo riguarda l\u2019uomo globale e non solo il benessere psicofisico. E anche la salute del corpo non \u00e8 fine a se stessa, ma richiama la sorgente di ogni vita e di ogni benessere: per amare e servire Colui che ci ha dato la vita e per la nostra salute eterna si \u00e8 fatto fragile ed \u00e8 morto in croce. Per questo dobbiamo ringraziare. Il ringraziamento forse scarseggia oggi nello stile sociale: perch\u00e9 ognuno pensa a se stesso e pretende molto come suo diritto. Avessimo un cuore meno egoista e pi\u00f9 grato, sarebbe meno acido il convivere. E si capirebbe anche meglio come il ringraziare faccia parte essenziale della fede cristiana.<\/p>\n<\/blockquote>\n<p class=\"link\" style=\"text-align: justify;\">Fonte: RadioVaticana<\/p>\n<div class=\"powerpressbox\">[powerpress]<\/div>\n","protected":false},"excerpt":{"rendered":"<p>In questa 28.ma Domenica del Tempo ordinario, la liturgia ci propone il passo del Vangelo in cui Ges\u00f9 guarisce dieci lebbrosi. Ma solo uno di essi, un samaritano, lo ringrazier\u00e0. Il Signore dice: \u201cNon si \u00e8 trovato nessuno che tornasse indietro a rendere gloria a Dio, all\u2019infuori di questo straniero?\u00bb. E gli disse: \u00ab\u00c0lzati e&#8230;<\/p>\n","protected":false},"author":3,"featured_media":0,"comment_status":"closed","ping_status":"closed","sticky":false,"template":"","format":"standard","meta":{"_kad_post_transparent":"","_kad_post_title":"","_kad_post_layout":"","_kad_post_sidebar_id":"","_kad_post_content_style":"","_kad_post_vertical_padding":"","_kad_post_feature":"","_kad_post_feature_position":"","_kad_post_header":false,"_kad_post_footer":false,"_kad_post_classname":"","footnotes":""},"categories":[100,147],"tags":[27,172],"class_list":["post-231107","post","type-post","status-publish","format-standard","hentry","category-100","category-commento-al-vangelo","tag-radio-vaticana","tag-vangelo-della-domenica"],"_links":{"self":[{"href":"https:\/\/archivio.cercoiltuovolto.it\/index.php?rest_route=\/wp\/v2\/posts\/231107","targetHints":{"allow":["GET"]}}],"collection":[{"href":"https:\/\/archivio.cercoiltuovolto.it\/index.php?rest_route=\/wp\/v2\/posts"}],"about":[{"href":"https:\/\/archivio.cercoiltuovolto.it\/index.php?rest_route=\/wp\/v2\/types\/post"}],"author":[{"embeddable":true,"href":"https:\/\/archivio.cercoiltuovolto.it\/index.php?rest_route=\/wp\/v2\/users\/3"}],"replies":[{"embeddable":true,"href":"https:\/\/archivio.cercoiltuovolto.it\/index.php?rest_route=%2Fwp%2Fv2%2Fcomments&post=231107"}],"version-history":[{"count":0,"href":"https:\/\/archivio.cercoiltuovolto.it\/index.php?rest_route=\/wp\/v2\/posts\/231107\/revisions"}],"wp:attachment":[{"href":"https:\/\/archivio.cercoiltuovolto.it\/index.php?rest_route=%2Fwp%2Fv2%2Fmedia&parent=231107"}],"wp:term":[{"taxonomy":"category","embeddable":true,"href":"https:\/\/archivio.cercoiltuovolto.it\/index.php?rest_route=%2Fwp%2Fv2%2Fcategories&post=231107"},{"taxonomy":"post_tag","embeddable":true,"href":"https:\/\/archivio.cercoiltuovolto.it\/index.php?rest_route=%2Fwp%2Fv2%2Ftags&post=231107"}],"curies":[{"name":"wp","href":"https:\/\/api.w.org\/{rel}","templated":true}]}}