{"id":231084,"date":"2010-10-05T07:31:38","date_gmt":"2010-10-05T07:31:38","guid":{"rendered":"https:\/\/archivio.cercoiltuovolto.it\/?p=231084"},"modified":"2010-10-05T07:31:38","modified_gmt":"2010-10-05T07:31:38","slug":"riflessione-sul-vangelo-xxviii-domenica-del-t-o-11-ottobre-2010","status":"publish","type":"post","link":"https:\/\/archivio.cercoiltuovolto.it\/?p=231084","title":{"rendered":"Riflessione sul Vangelo: XXVIII domenica del T. O. &#8211; 11 ottobre 2010"},"content":{"rendered":"<p style=\"text-align: justify;\">&#8220;<em>La Parola di Dio<\/em>&#8220;, canale YouTube del prolifico Don Mauro di <strong>graficapastorale.it<\/strong>, propone una riflessione sul brano del Vangelo di domenica prossima<strong>, Lc 17, 11-19<\/strong><strong>.<\/strong><\/p>\n<blockquote style=\"text-align: justify;\"><p><em>Dal Vangelo secondo Luca<\/em><br \/>\n Lungo il cammino verso Gerusalemme, Ges\u00f9 attraversava la Samar\u00eca e la Galilea.<br \/>\n Entrando in un villaggio, gli vennero incontro dieci lebbrosi, che si fermarono a distanza e dissero ad alta voce: \u00abGes\u00f9, maestro, abbi piet\u00e0 di noi!\u00bb. Appena li vide, Ges\u00f9 disse loro: \u00abAndate a presentarvi ai sacerdoti\u00bb. E mentre essi andavano, furono purificati.<br \/>\n Uno di loro, vedendosi guarito, torn\u00f2 indietro lodando Dio a gran voce, e si prostr\u00f2 davanti a Ges\u00f9, ai suoi piedi, per ringraziarlo. Era un Samaritano.<br \/>\n Ma Ges\u00f9 osserv\u00f2: \u00abNon ne sono stati purificati dieci? E gli altri nove dove sono? Non si \u00e8 trovato nessuno che tornasse indietro a rendere gloria a Dio, all\u2019infuori di questo straniero?\u00bb. E gli disse: \u00ab\u00c0lzati e va\u2019; la tua fede ti ha salvato!\u00bb.<\/p>\n<p> C: Parola del Signore.<br \/>\n A: Lode a Te o Cristo.<\/p><\/blockquote>\n<p style=\"text-align: center;\">[oembed] {&#8220;url&#8221;:&#8221;http:\/\/www.youtube.com\/watch?v=NuC8C3yj35k&amp;feature=youtube_gdata&#8221;, &#8220;width&#8221;:480, &#8220;height&#8221;:360} [\/oembed]<\/p>\n","protected":false},"excerpt":{"rendered":"<p>&#8220;La Parola di Dio&#8220;, canale YouTube del prolifico Don Mauro di graficapastorale.it, propone una riflessione sul brano del Vangelo di domenica prossima, Lc 17, 11-19. Dal Vangelo secondo Luca Lungo il cammino verso Gerusalemme, Ges\u00f9 attraversava la Samar\u00eca e la Galilea. Entrando in un villaggio, gli vennero incontro dieci lebbrosi, che si fermarono a distanza&#8230;<\/p>\n","protected":false},"author":3,"featured_media":0,"comment_status":"closed","ping_status":"closed","sticky":false,"template":"","format":"standard","meta":{"_kad_post_transparent":"","_kad_post_title":"","_kad_post_layout":"","_kad_post_sidebar_id":"","_kad_post_content_style":"","_kad_post_vertical_padding":"","_kad_post_feature":"","_kad_post_feature_position":"","_kad_post_header":false,"_kad_post_footer":false,"_kad_post_classname":"","footnotes":""},"categories":[100,147],"tags":[172],"class_list":["post-231084","post","type-post","status-publish","format-standard","hentry","category-100","category-commento-al-vangelo","tag-vangelo-della-domenica"],"_links":{"self":[{"href":"https:\/\/archivio.cercoiltuovolto.it\/index.php?rest_route=\/wp\/v2\/posts\/231084","targetHints":{"allow":["GET"]}}],"collection":[{"href":"https:\/\/archivio.cercoiltuovolto.it\/index.php?rest_route=\/wp\/v2\/posts"}],"about":[{"href":"https:\/\/archivio.cercoiltuovolto.it\/index.php?rest_route=\/wp\/v2\/types\/post"}],"author":[{"embeddable":true,"href":"https:\/\/archivio.cercoiltuovolto.it\/index.php?rest_route=\/wp\/v2\/users\/3"}],"replies":[{"embeddable":true,"href":"https:\/\/archivio.cercoiltuovolto.it\/index.php?rest_route=%2Fwp%2Fv2%2Fcomments&post=231084"}],"version-history":[{"count":0,"href":"https:\/\/archivio.cercoiltuovolto.it\/index.php?rest_route=\/wp\/v2\/posts\/231084\/revisions"}],"wp:attachment":[{"href":"https:\/\/archivio.cercoiltuovolto.it\/index.php?rest_route=%2Fwp%2Fv2%2Fmedia&parent=231084"}],"wp:term":[{"taxonomy":"category","embeddable":true,"href":"https:\/\/archivio.cercoiltuovolto.it\/index.php?rest_route=%2Fwp%2Fv2%2Fcategories&post=231084"},{"taxonomy":"post_tag","embeddable":true,"href":"https:\/\/archivio.cercoiltuovolto.it\/index.php?rest_route=%2Fwp%2Fv2%2Ftags&post=231084"}],"curies":[{"name":"wp","href":"https:\/\/api.w.org\/{rel}","templated":true}]}}