{"id":231083,"date":"2010-10-06T06:00:13","date_gmt":"2010-10-06T06:00:13","guid":{"rendered":"https:\/\/archivio.cercoiltuovolto.it\/?p=231083"},"modified":"2010-10-06T06:00:13","modified_gmt":"2010-10-06T06:00:13","slug":"testimoni-del-nostro-tempo-1-beata-teresa-di-calcutta","status":"publish","type":"post","link":"https:\/\/archivio.cercoiltuovolto.it\/?p=231083","title":{"rendered":"Testimoni del nostro tempo (1) &#8211; Beata Teresa di Calcutta"},"content":{"rendered":"<blockquote>\n<p style=\"text-align: justify;\"><a href=\"http:\/\/www.cercoiltuovolto.it\/\/wp-content\/uploads\/2010\/10\/beata-madre-teresa-di-calcutta.jpg\"><img loading=\"lazy\" decoding=\"async\" class=\"aligncenter size-medium wp-image-13879\" title=\"Beata Teresa di Calcutta\" src=\"http:\/\/www.cercoiltuovolto.it\/\/wp-content\/uploads\/2010\/10\/beata-madre-teresa-di-calcutta-433x300.jpg\" alt=\"\" width=\"433\" height=\"300\" \/><\/a><\/p>\n<p style=\"text-align: justify;\"><strong>Le domeniche di ottobre<\/strong> sono dedicate ai profili di cinque grandi figure del nostro tempo, tracciati da Laura  Badaracchi: la vita, gli scritti, la spiritualit\u00e0 di cristiani che  hanno speso la loro vita per Ges\u00f9, modelli perseguibili di santit\u00e0 da  vivere ogni giorno.<\/p>\n<p style=\"text-align: justify;\">Il primo incontro \u00e8 dedicato alla <em>Beata Teresa di  Calcutta<\/em>, la matita di Dio.<\/p>\n<\/blockquote>\n<p>Fonte: <a href=\"http:\/\/www.radiovaticana.org\/orc\/Articolo.asp?c=426895\">Radio Vaticana<\/a><\/p>\n","protected":false},"excerpt":{"rendered":"<p>Le domeniche di ottobre sono dedicate ai profili di cinque grandi figure del nostro tempo, tracciati da Laura Badaracchi: la vita, gli scritti, la spiritualit\u00e0 di cristiani che hanno speso la loro vita per Ges\u00f9, modelli perseguibili di santit\u00e0 da vivere ogni giorno. Il primo incontro \u00e8 dedicato alla Beata Teresa di Calcutta, la matita&#8230;<\/p>\n","protected":false},"author":3,"featured_media":0,"comment_status":"closed","ping_status":"closed","sticky":false,"template":"","format":"standard","meta":{"_kad_post_transparent":"","_kad_post_title":"","_kad_post_layout":"","_kad_post_sidebar_id":"","_kad_post_content_style":"","_kad_post_vertical_padding":"","_kad_post_feature":"","_kad_post_feature_position":"","_kad_post_header":false,"_kad_post_footer":false,"_kad_post_classname":"","footnotes":""},"categories":[100,4],"tags":[262,380,79],"class_list":["post-231083","post","type-post","status-publish","format-standard","hentry","category-100","category-audio-cattolici","tag-beati","tag-in-evidenza","tag-persone"],"_links":{"self":[{"href":"https:\/\/archivio.cercoiltuovolto.it\/index.php?rest_route=\/wp\/v2\/posts\/231083","targetHints":{"allow":["GET"]}}],"collection":[{"href":"https:\/\/archivio.cercoiltuovolto.it\/index.php?rest_route=\/wp\/v2\/posts"}],"about":[{"href":"https:\/\/archivio.cercoiltuovolto.it\/index.php?rest_route=\/wp\/v2\/types\/post"}],"author":[{"embeddable":true,"href":"https:\/\/archivio.cercoiltuovolto.it\/index.php?rest_route=\/wp\/v2\/users\/3"}],"replies":[{"embeddable":true,"href":"https:\/\/archivio.cercoiltuovolto.it\/index.php?rest_route=%2Fwp%2Fv2%2Fcomments&post=231083"}],"version-history":[{"count":0,"href":"https:\/\/archivio.cercoiltuovolto.it\/index.php?rest_route=\/wp\/v2\/posts\/231083\/revisions"}],"wp:attachment":[{"href":"https:\/\/archivio.cercoiltuovolto.it\/index.php?rest_route=%2Fwp%2Fv2%2Fmedia&parent=231083"}],"wp:term":[{"taxonomy":"category","embeddable":true,"href":"https:\/\/archivio.cercoiltuovolto.it\/index.php?rest_route=%2Fwp%2Fv2%2Fcategories&post=231083"},{"taxonomy":"post_tag","embeddable":true,"href":"https:\/\/archivio.cercoiltuovolto.it\/index.php?rest_route=%2Fwp%2Fv2%2Ftags&post=231083"}],"curies":[{"name":"wp","href":"https:\/\/api.w.org\/{rel}","templated":true}]}}