{"id":231077,"date":"2010-10-04T08:38:02","date_gmt":"2010-10-04T08:38:02","guid":{"rendered":"https:\/\/archivio.cercoiltuovolto.it\/?p=231077"},"modified":"2010-10-04T08:38:02","modified_gmt":"2010-10-04T08:38:02","slug":"thomese-pieter-f-bambina-dombra","status":"publish","type":"post","link":"https:\/\/archivio.cercoiltuovolto.it\/?p=231077","title":{"rendered":"Thom\u00e9se Pieter F. &#8211; Bambina d&#8217;ombra"},"content":{"rendered":"<blockquote>\n<p style=\"text-align: justify;\"><a href=\"http:\/\/www.cercoiltuovolto.it\/\/wp-content\/uploads\/2010\/10\/Bambina-dombra.jpg\"><img loading=\"lazy\" decoding=\"async\" class=\"alignleft size-thumbnail wp-image-13863\" title=\"Bambina d'ombra\" src=\"http:\/\/www.cercoiltuovolto.it\/\/wp-content\/uploads\/2010\/10\/Bambina-dombra-188x130.jpg\" alt=\"\" width=\"188\" height=\"130\" \/><\/a>&#8220;Bambina d&#8217;ombra&#8221; \u00e8 l&#8217;ode di un padre messo a  nudo dall&#8217;irriducibilit\u00e0 della perdita; il grido di dolore di un uomo di  lettere che credeva nella ricercatezza della prosa come unico strumento  per comprendere e accettare l&#8217;illusoriet\u00e0 dell&#8217;esistenza e invece si  ritrova, all&#8217;improvviso, tra &#8220;parole inesperte: parole che non sanno di  che cosa stanno parlando&#8221;. E tuttavia \u00e8 proprio alla scrittura,  condensata in questa serie di brevi testi, che Thom\u00e9se affida un compito  immane, che trascende la mera rievocazione di un piccolo fantasma:  quello di esplorare l&#8217;abisso che l&#8217;ha inghiottito. Solo da l\u00ec nuovi  accenti verranno a nutrire una lingua incapace di esprimere la nuova  realt\u00e0. &#8220;Se lei ancora c&#8217;\u00e8, allora \u00e8 nelle parole che aspetto di notte.&#8221;<\/p>\n<\/blockquote>\n<h3>Ascolta l&#8217;intervento di Suor Francesca Bernacchia, Dorotea da Cemmo del Centro Mater Divinae Gratiae (<a href=\"http:\/\/www.radiovoce.it\/podcast_dettagli.php?get_id=3935\">fonte: Radio Voce<\/a>)<\/h3>\n<p>[powerpress]<\/p>\n<p><br class=\"spacer_\" \/><\/p>\n<p class=\"acquista-paragrafo\"><a href=\"http:\/\/www.ibs.it\/code\/9788876848605\/thom-eacute-se-pieter-f\/bambina-d-ombra.html?shop=3462\" target=\"_blank\">Acquista il libro<\/a> su IBS<\/p>\n","protected":false},"excerpt":{"rendered":"<p>&#8220;Bambina d&#8217;ombra&#8221; \u00e8 l&#8217;ode di un padre messo a nudo dall&#8217;irriducibilit\u00e0 della perdita; il grido di dolore di un uomo di lettere che credeva nella ricercatezza della prosa come unico strumento per comprendere e accettare l&#8217;illusoriet\u00e0 dell&#8217;esistenza e invece si ritrova, all&#8217;improvviso, tra &#8220;parole inesperte: parole che non sanno di che cosa stanno parlando&#8221;. E&#8230;<\/p>\n","protected":false},"author":3,"featured_media":0,"comment_status":"closed","ping_status":"closed","sticky":false,"template":"","format":"standard","meta":{"_kad_post_transparent":"","_kad_post_title":"","_kad_post_layout":"","_kad_post_sidebar_id":"","_kad_post_content_style":"","_kad_post_vertical_padding":"","_kad_post_feature":"","_kad_post_feature_position":"","_kad_post_header":false,"_kad_post_footer":false,"_kad_post_classname":"","footnotes":""},"categories":[100,3],"tags":[17,382],"class_list":["post-231077","post","type-post","status-publish","format-standard","hentry","category-100","category-libri","tag-libri","tag-recensione"],"_links":{"self":[{"href":"https:\/\/archivio.cercoiltuovolto.it\/index.php?rest_route=\/wp\/v2\/posts\/231077","targetHints":{"allow":["GET"]}}],"collection":[{"href":"https:\/\/archivio.cercoiltuovolto.it\/index.php?rest_route=\/wp\/v2\/posts"}],"about":[{"href":"https:\/\/archivio.cercoiltuovolto.it\/index.php?rest_route=\/wp\/v2\/types\/post"}],"author":[{"embeddable":true,"href":"https:\/\/archivio.cercoiltuovolto.it\/index.php?rest_route=\/wp\/v2\/users\/3"}],"replies":[{"embeddable":true,"href":"https:\/\/archivio.cercoiltuovolto.it\/index.php?rest_route=%2Fwp%2Fv2%2Fcomments&post=231077"}],"version-history":[{"count":0,"href":"https:\/\/archivio.cercoiltuovolto.it\/index.php?rest_route=\/wp\/v2\/posts\/231077\/revisions"}],"wp:attachment":[{"href":"https:\/\/archivio.cercoiltuovolto.it\/index.php?rest_route=%2Fwp%2Fv2%2Fmedia&parent=231077"}],"wp:term":[{"taxonomy":"category","embeddable":true,"href":"https:\/\/archivio.cercoiltuovolto.it\/index.php?rest_route=%2Fwp%2Fv2%2Fcategories&post=231077"},{"taxonomy":"post_tag","embeddable":true,"href":"https:\/\/archivio.cercoiltuovolto.it\/index.php?rest_route=%2Fwp%2Fv2%2Ftags&post=231077"}],"curies":[{"name":"wp","href":"https:\/\/api.w.org\/{rel}","templated":true}]}}