{"id":231063,"date":"2010-10-01T06:00:07","date_gmt":"2010-10-01T06:00:07","guid":{"rendered":"https:\/\/archivio.cercoiltuovolto.it\/?p=231063"},"modified":"2010-10-01T06:00:07","modified_gmt":"2010-10-01T06:00:07","slug":"commento-al-vangelo-del-3-ottobre-2010-voce-audiovisivi","status":"publish","type":"post","link":"https:\/\/archivio.cercoiltuovolto.it\/?p=231063","title":{"rendered":"Commento al Vangelo del 3 ottobre 2010 &#8211; Voce Audiovisivi"},"content":{"rendered":"<p style=\"text-align: center;\"><img loading=\"lazy\" decoding=\"async\" style=\"border: 0px solid #000000; margin: 5px; width: 304px; height: 140px;\" title=\"Audiovisivi\" src=\"http:\/\/www.cercoiltuovolto.it\/\/images\/stories\/logo\/logo_testata_audiovisivi.jpg\" alt=\"Audiovisivi\" width=\"304\" height=\"140\" \/><\/p>\n<p style=\"text-align: left;\"><strong>Guarda il video della lettura del vangelo<\/strong> della settimana e le <strong>riflessioni <\/strong>affidate a diversi commentatori.<\/p>\n<p style=\"text-align: left;\"><strong>Video Vangelo<\/strong> del  2010 &#8211; <strong>XXIX DOMENICA   DEL TEMPO ORDINARIO      (ANNO C)<\/strong><\/p>\n<p style=\"text-align: left;\"><strong> <\/strong><strong>Commento <\/strong>di don Giuseppe Fusari | <strong>Lettrice<\/strong> Elena Gianni | <strong>Fonte<\/strong>: Voce Audiovisivi<\/p>\n<p style=\"text-align: left;\">[oembed] {&#8220;url&#8221;:&#8221;http:\/\/www.youtube.com\/watch?v=OgO52fcuscc&#8221;, &#8220;width&#8221;:480, &#8220;height&#8221;:360} [\/oembed]<\/p>\n<p style=\"text-align: left;\">\u00a0<\/p>\n<blockquote style=\"text-align: justify;\">\n<p><em>Lc 17, 5-10<\/em><br \/>\n <em>Dal Vangelo secondo\u00a0Luca<\/em><\/p>\n<p>In quel tempo, gli apostoli dissero al Signore: \u00abAccresci in noi la fede!\u00bb.<br \/>\n Il Signore rispose: \u00abSe aveste fede quanto un granello di senape,  potreste dire a questo gelso: \u201cSr\u00e0dicati e vai a piantarti nel mare\u201d, ed  esso vi obbedirebbe.<br \/>\n Chi di voi, se ha un servo ad arare o a  pascolare il gregge, gli dir\u00e0, quando rientra dal campo: \u201cVieni subito e  mettiti a tavola\u201d? Non gli dir\u00e0 piuttosto: \u201cPrepara da mangiare,  str\u00edngiti le vesti ai fianchi e s\u00e9rvimi, finch\u00e9 avr\u00f2 mangiato e bevuto, e  dopo mangerai e berrai tu\u201d? Avr\u00e0 forse gratitudine verso quel servo,  perch\u00e9 ha eseguito gli ordini ricevuti?<br \/>\n Cos\u00ec anche voi, quando  avrete fatto tutto quello che vi \u00e8 stato ordinato, dite: \u201cSiamo servi  inutili. Abbiamo fatto quanto dovevamo fare\u201d\u00bb.<\/p>\n<p>C: Parola del Signore.<br \/>\n A: Lode a Te o Cristo.<\/p>\n<\/blockquote>\n","protected":false},"excerpt":{"rendered":"<p>Guarda il video della lettura del vangelo della settimana e le riflessioni affidate a diversi commentatori. Video Vangelo del 2010 &#8211; XXIX DOMENICA DEL TEMPO ORDINARIO (ANNO C) Commento di don Giuseppe Fusari | Lettrice Elena Gianni | Fonte: Voce Audiovisivi [oembed] {&#8220;url&#8221;:&#8221;http:\/\/www.youtube.com\/watch?v=OgO52fcuscc&#8221;, &#8220;width&#8221;:480, &#8220;height&#8221;:360} [\/oembed] \u00a0 Lc 17, 5-10 Dal Vangelo secondo\u00a0Luca In quel&#8230;<\/p>\n","protected":false},"author":3,"featured_media":0,"comment_status":"closed","ping_status":"closed","sticky":false,"template":"","format":"standard","meta":{"_kad_post_transparent":"","_kad_post_title":"","_kad_post_layout":"","_kad_post_sidebar_id":"","_kad_post_content_style":"","_kad_post_vertical_padding":"","_kad_post_feature":"","_kad_post_feature_position":"","_kad_post_header":false,"_kad_post_footer":false,"_kad_post_classname":"","footnotes":""},"categories":[100,147],"tags":[42,172],"class_list":["post-231063","post","type-post","status-publish","format-standard","hentry","category-100","category-commento-al-vangelo","tag-lettura-del-vangelo","tag-vangelo-della-domenica"],"_links":{"self":[{"href":"https:\/\/archivio.cercoiltuovolto.it\/index.php?rest_route=\/wp\/v2\/posts\/231063","targetHints":{"allow":["GET"]}}],"collection":[{"href":"https:\/\/archivio.cercoiltuovolto.it\/index.php?rest_route=\/wp\/v2\/posts"}],"about":[{"href":"https:\/\/archivio.cercoiltuovolto.it\/index.php?rest_route=\/wp\/v2\/types\/post"}],"author":[{"embeddable":true,"href":"https:\/\/archivio.cercoiltuovolto.it\/index.php?rest_route=\/wp\/v2\/users\/3"}],"replies":[{"embeddable":true,"href":"https:\/\/archivio.cercoiltuovolto.it\/index.php?rest_route=%2Fwp%2Fv2%2Fcomments&post=231063"}],"version-history":[{"count":0,"href":"https:\/\/archivio.cercoiltuovolto.it\/index.php?rest_route=\/wp\/v2\/posts\/231063\/revisions"}],"wp:attachment":[{"href":"https:\/\/archivio.cercoiltuovolto.it\/index.php?rest_route=%2Fwp%2Fv2%2Fmedia&parent=231063"}],"wp:term":[{"taxonomy":"category","embeddable":true,"href":"https:\/\/archivio.cercoiltuovolto.it\/index.php?rest_route=%2Fwp%2Fv2%2Fcategories&post=231063"},{"taxonomy":"post_tag","embeddable":true,"href":"https:\/\/archivio.cercoiltuovolto.it\/index.php?rest_route=%2Fwp%2Fv2%2Ftags&post=231063"}],"curies":[{"name":"wp","href":"https:\/\/api.w.org\/{rel}","templated":true}]}}