{"id":231058,"date":"2010-09-30T12:31:27","date_gmt":"2010-09-30T12:31:27","guid":{"rendered":"https:\/\/archivio.cercoiltuovolto.it\/?p=231058"},"modified":"2010-09-30T12:31:27","modified_gmt":"2010-09-30T12:31:27","slug":"benedetto-xvi-angelus-del-26-settembre-2010-in-mp3","status":"publish","type":"post","link":"https:\/\/archivio.cercoiltuovolto.it\/?p=231058","title":{"rendered":"Benedetto XVI &#8211; Angelus del 26 settembre 2010 in mp3"},"content":{"rendered":"<blockquote>\n<p><em>Cari fratelli e sorelle!<\/em><\/p>\n<p style=\"text-align: justify;\">Nel Vangelo di questa domenica (<em>Lc<\/em> 16,19-31), Ges\u00f9 narra la parabola  dell\u2019uomo ricco e del povero Lazzaro. Il primo vive nel lusso e nell\u2019egoismo, e  quando muore, finisce all\u2019inferno. Il povero invece, che si ciba degli avanzi  della mensa del ricco, alla sua morte viene portato dagli angeli nella dimora  eterna di Dio e dei santi. \u201cBeati voi poveri \u2013 aveva proclamato il Signore ai  suoi discepoli \u2013 perch\u00e9 vostro \u00e8 il regno di Dio\u201d (<em>Lc<\/em> 6,20). Ma il  messaggio della parabola va oltre: ricorda che, mentre siamo in questo mondo,  dobbiamo ascoltare il Signore che ci parla mediante le sacre Scritture e vivere  secondo la sua volont\u00e0, altrimenti, dopo la morte, sar\u00e0 troppo tardi per  ravvedersi. Dunque, questa parabola ci dice due cose: la prima \u00e8 che Dio ama i  poveri e li solleva dalla loro umiliazione; la seconda \u00e8 che il nostro destino  eterno \u00e8 condizionato dal nostro atteggiamento, sta a noi seguire la strada che  Dio ci ha mostrato per giungere alla vita, e questa strada \u00e8 l\u2019amore, non inteso  come sentimento, ma come servizio agli altri, nella carit\u00e0 di Cristo.<\/p>\n<ul>\n<li><a href=\"http:\/\/www.vatican.va\/holy_father\/benedict_xvi\/angelus\/2010\/documents\/hf_ben-xvi_ang_20100926_it.html\">Leggi tutto il messaggio<\/a> <em>\u00a9 Copyright 2010 &#8211; Libreria  Editrice Vaticana<\/em><\/li>\n<li>Link al video ufficiale (richiede Apple Quick Time)<\/li>\n<\/ul>\n<\/blockquote>\n<p style=\"text-align: justify;\"><em><br \/>\n <\/em><\/p>\n<div class=\"powerpressbox\">[powerpress]<\/div>\n<p style=\"text-align: justify;\"><img loading=\"lazy\" decoding=\"async\" style=\"vertical-align: middle; border: 0px none currentColor;\" title=\"Link\" src=\"http:\/\/www.cercoiltuovolto.it\/\/images\/web.png\" alt=\"Link\" width=\"24\" height=\"24\" \/> <strong>Fonte<\/strong>: Radio Vaticana via FeedRss<a href=\"https:\/\/www.photo.va\/\" target=\"_blank\"><br \/>\n <\/a><span style=\"font-size: xx-small;\"><em>(The content of this podcast is copyrighted by Vatican Radio which, according to  its statute, is entrusted to manage and protect the sound recordings of the  Roman Pontiff, ensuring that their pastoral character and intellectual  property&#8217;s rights are protected when used by third parties. The content of this  podcast is made available only for personal and private use and cannot be  exploited for commercial purposes, without prior written authorization by  Vatican Radio. For further information, please contact the International  Relation Office at relint@vatiradio.va)<\/em><\/span><\/p>\n","protected":false},"excerpt":{"rendered":"<p>Cari fratelli e sorelle! Nel Vangelo di questa domenica (Lc 16,19-31), Ges\u00f9 narra la parabola dell\u2019uomo ricco e del povero Lazzaro. Il primo vive nel lusso e nell\u2019egoismo, e quando muore, finisce all\u2019inferno. Il povero invece, che si ciba degli avanzi della mensa del ricco, alla sua morte viene portato dagli angeli nella dimora eterna&#8230;<\/p>\n","protected":false},"author":3,"featured_media":0,"comment_status":"closed","ping_status":"closed","sticky":false,"template":"","format":"standard","meta":{"_kad_post_transparent":"","_kad_post_title":"","_kad_post_layout":"","_kad_post_sidebar_id":"","_kad_post_content_style":"","_kad_post_vertical_padding":"","_kad_post_feature":"","_kad_post_feature_position":"","_kad_post_header":false,"_kad_post_footer":false,"_kad_post_classname":"","footnotes":""},"categories":[100,114],"tags":[73,9],"class_list":["post-231058","post","type-post","status-publish","format-standard","hentry","category-100","category-angelus","tag-benedetto-xvi","tag-vaticano"],"_links":{"self":[{"href":"https:\/\/archivio.cercoiltuovolto.it\/index.php?rest_route=\/wp\/v2\/posts\/231058","targetHints":{"allow":["GET"]}}],"collection":[{"href":"https:\/\/archivio.cercoiltuovolto.it\/index.php?rest_route=\/wp\/v2\/posts"}],"about":[{"href":"https:\/\/archivio.cercoiltuovolto.it\/index.php?rest_route=\/wp\/v2\/types\/post"}],"author":[{"embeddable":true,"href":"https:\/\/archivio.cercoiltuovolto.it\/index.php?rest_route=\/wp\/v2\/users\/3"}],"replies":[{"embeddable":true,"href":"https:\/\/archivio.cercoiltuovolto.it\/index.php?rest_route=%2Fwp%2Fv2%2Fcomments&post=231058"}],"version-history":[{"count":0,"href":"https:\/\/archivio.cercoiltuovolto.it\/index.php?rest_route=\/wp\/v2\/posts\/231058\/revisions"}],"wp:attachment":[{"href":"https:\/\/archivio.cercoiltuovolto.it\/index.php?rest_route=%2Fwp%2Fv2%2Fmedia&parent=231058"}],"wp:term":[{"taxonomy":"category","embeddable":true,"href":"https:\/\/archivio.cercoiltuovolto.it\/index.php?rest_route=%2Fwp%2Fv2%2Fcategories&post=231058"},{"taxonomy":"post_tag","embeddable":true,"href":"https:\/\/archivio.cercoiltuovolto.it\/index.php?rest_route=%2Fwp%2Fv2%2Ftags&post=231058"}],"curies":[{"name":"wp","href":"https:\/\/api.w.org\/{rel}","templated":true}]}}