{"id":231049,"date":"2010-09-29T07:52:21","date_gmt":"2010-09-29T07:52:21","guid":{"rendered":"https:\/\/archivio.cercoiltuovolto.it\/?p=231049"},"modified":"2010-09-29T07:52:21","modified_gmt":"2010-09-29T07:52:21","slug":"commento-al-vangelo-del-3-ottobre-2010-paolo-curtaz","status":"publish","type":"post","link":"https:\/\/archivio.cercoiltuovolto.it\/?p=231049","title":{"rendered":"Commento al Vangelo del 3 ottobre 2010 \u2013 Paolo Curtaz"},"content":{"rendered":"<p style=\"text-align: justify;\"><a href=\"http:\/\/www.cercoiltuovolto.it\/\/wp-content\/uploads\/2010\/09\/luca17.jpg\"><img loading=\"lazy\" decoding=\"async\" class=\"alignleft size-medium wp-image-13147\" title=\"luca17\" src=\"http:\/\/www.cercoiltuovolto.it\/\/wp-content\/uploads\/2010\/09\/luca17-257x300.jpg\" alt=\"\" width=\"257\" height=\"300\" \/><\/a>Ventisettesima domenica durante l&#8217;anno<\/p>\n<p style=\"text-align: justify;\">Ab 1,2-3;2,2-4\/ 2Tm 1,6-8.13-14\/Lc 17,5-10<\/p>\n<h3 style=\"text-align: justify;\"><strong>Accresci la fede dei tuoi servi, Signore<\/strong><\/h3>\n<p style=\"text-align: justify;\">Viviamo tempi difficili, lo vediamo tutti.<\/p>\n<p style=\"text-align: justify;\">La crisi economica picchia duro e non si vedono prospettive.<\/p>\n<p style=\"text-align: justify;\">Sono anch\u2019io della generazione di quelli che non hanno certezze per il futuro, pur avendo voglia e qualit\u00e0. Molti dei miei coetanei non sanno se avranno mai versato contributi a sufficienza per ricevere una pensione. Alcuni genitori mi raccontano, sconfortati, della rassegnazione dei loro figli neo-laureati presi per il naso da <em>stages<\/em> infiniti e contratti a termine.<\/p>\n<p style=\"text-align: justify;\">Lo spettacolo sconcertante del mondo politico di questi ultimi mesi, poi, non giova. Al di l\u00e0 della vostra convinzione politica (io, dai confini dell\u2019Impero, cerco di non schierarmi troppo), bisogna riconoscere con amarezza che si \u00e8 raschiato il fondo del barile, in un vortice di \u201cpeggio\u201d che ha scordato ogni valore etico, pure tanto decantato quando si tatta di raccogliere consensi elettorali.<\/p>\n<p style=\"text-align: center;\">[oembed] {&#8220;url&#8221;:&#8221;http:\/\/www.youtube.com\/watch?v=BUiyp5DMJJM&amp;feature=youtube_gdata&#8221;, &#8220;width&#8221;:480, &#8220;height&#8221;:360} [\/oembed]<\/p>\n<p style=\"text-align: justify;\">Anche nella Chiesa, poi, non scherziamo: a volte i credenti hanno l\u2019impressione di essere messi all\u2019angolo, attaccati nell\u2019essenza stessa della fede. Non ha aiutato certo l\u201911 settembre e chi ha identificato <em>tout court<\/em> la fede col fanatismo. Cos\u00ec, senza fare troppo clamore, si insinua l\u2019idea che tutte le fedi diventino radicalismi, che ogni istituzione (Chiesa <em>in primis<\/em>) esistono affinch\u00e9 alcune persone conservino i propri privilegi. Non passa giorno che sui quotidiani finiscono vicende che vedono come protagonisti preti o vescovi, situazioni a volte drammatiche e da vagliare con seriet\u00e0 e serenit\u00e0, certo, ma, molto pi\u00f9 spesso, situazioni trattate con un delirante moralismo che ha sostituito la sobria morale derivante dal Vangelo.<\/p>\n<p style=\"text-align: justify;\">Quando si toglie Dio non \u00e8 vero che non si crede pi\u00f9 in nulla: si finisce col credere a tutto.<\/p>\n<p style=\"text-align: justify;\">Ma alle antipatie del mondo che in nome della tolleranza bolla la Chiesa come intollerante, \u00e8 arrivato il drammatico scandalo della pedofilia che, come dice bene il Papa, \u00e8 la pi\u00f9 dura prova da affrontare dai tempi dei martiri dei primi secoli.<\/p>\n<p style=\"text-align: justify;\">Cos\u00ec la Chiesa \u00e8 chiamata ad affrontare questi tempi senza ergere steccati, senza parlare la stessa lingua o battere la stessa moneta del mondo imbarbarito.<\/p>\n<p style=\"text-align: justify;\">Quando il mondo parla a sproposito della Chiesa, la Chiesa \u00e8 chiamata a parlare di Cristo.<\/p>\n<p style=\"text-align: justify;\">E a fidarsi del suo Maestro che non l\u2019ha mai abbandonata anche quando i cristiani smontavano la credibilit\u00e0 della Chiesa pezzo per pezzo.<\/p>\n<p style=\"text-align: justify;\">Davanti a tutto questo, la preghiera dei discepoli, oggi \u00e8 la nostra.<\/p>\n<p style=\"text-align: justify;\">Accresci in noi la fede, Signore.<\/p>\n<p style=\"text-align: justify;\"><strong>Abacuc<\/strong><\/p>\n<p style=\"text-align: justify;\">Abacuc \u00e8 sconfortato, come non capirlo? Il piccolo e ostinato popolo di Israele deve continuamente lottare per sopravvivere in mezzo ai giganti: gli egiziani e gli assiri prima, i babilonesi poi\u2026 tutta la storia \u00e8 un susseguirsi di invasioni e colpi di stato, di tragedie e di ingiustizie.<\/p>\n<p style=\"text-align: justify;\">Ora ai confini di Israele premono i Caldei.<\/p>\n<p style=\"text-align: justify;\">Il profeta, esasperato, rivolge la propria preghiera a Dio: ha un bel difenderlo di fronte al popolo, ma come si fa a suscitare la fede in un popolo esasperato?<\/p>\n<p style=\"text-align: justify;\">Dio risponde invitando Abacuc e Israele alla fede, a conservare la fede, la fiducia.<\/p>\n<p style=\"text-align: justify;\">Come Eleazaro domenica scorsa, Dio promette di stringere tra le proprie braccia con immenso affetto il giusto che vive a causa della fede.<\/p>\n<p style=\"text-align: justify;\">Profeti di ieri e di oggi si scontrano continuamente con la stessa disarmante obiezione: dov\u2019\u00e8 Dio quando l\u2019uomo scatena la propria violenza? Quando prevale la tenebra? Quando il giusto \u00e8 irriso e disprezzato?<\/p>\n<p style=\"text-align: justify;\">E la Parola oggi risponde: solo con la fede possiamo osare.<\/p>\n<p style=\"text-align: justify;\"><strong>Fidarsi<\/strong><\/p>\n<p style=\"text-align: justify;\">Abacuc \u00e8 invitato a fidarsi, Timoteo riceve una commovente lettera da Paolo incarcerato ed \u00e8 invitato a fare memoria della propria vocazione episcopale, gli apostoli, dopo un primo galvanizzante momento di euforia per i successi conseguiti dal Nazareno, cominciano a scontrarsi con il proprio limite e con l\u2019ostilit\u00e0 di alcuni farisei e sentono la fiammella (timida) del credere lentamente vacillare.<\/p>\n<p style=\"text-align: justify;\">Fidatevi, dice la Parola, fidati, affidati, diffida delle tue presunte certezze.<\/p>\n<p style=\"text-align: justify;\">La fede \u00e8 il ragionevole abbandonarsi nelle braccia dell\u2019amato, nel gesto incosciente e ovvio del bambino che si getta fra le braccia del padre.<\/p>\n<p style=\"text-align: justify;\">Non siamo chiamati a fidarci di un mistero imperscrutabile, a seguire ciecamente gli ordini della divinit\u00e0, ad abbassare la testa alla volont\u00e0 ostica e incomprensibile di una <em>moloch<\/em> a cui dobbiamo credere.<\/p>\n<p style=\"text-align: justify;\">Il Dio di Israele chiede fiducia, il Dio che ha camminato nel deserto e sofferto, il Dio che ha accompagnato e illuminato una trib\u00f9 di beduini facendola divenire popolo della speranza, il Dio che ha illuminato i re di Israele, il Dio che ha strappato degli uomini dal pascolo e dalla terra consacrandoli profeti, il Dio che \u2013 esausto \u2013 \u00e8 diventato uomo (fragilit\u00e0, stanchezza, sudore, decisione, rischio) per raccontarsi chiede fiducia, non uno qualsiasi.<\/p>\n<p style=\"text-align: justify;\">Il Dio che ha dimostrato milioni di volte quanto dolorosamente ama.<\/p>\n<p style=\"text-align: justify;\"><strong>Fiducia in Lui<\/strong><\/p>\n<p style=\"text-align: justify;\">Fiducia nel Nazareno rivelatore del padre, figlio del Dio benedetto che ha sconvolto la vita dei suoi discepoli svelando il volto del Padre morendo sulla croce.<\/p>\n<p style=\"text-align: justify;\">Fidatevi almeno quanto un granellino di senapa, dice il Maestro.<\/p>\n<p style=\"text-align: justify;\">Abacuc non lo sa, ma l\u2019ennesimo scontro con una cultura straniera obbligher\u00e0 Israele a riscoprire le proprie radici e diventare (tornare ad essere?) segno nel mondo.<\/p>\n<p style=\"text-align: justify;\">Paolo non lo sa, ma le sue parole doloranti e aspre saranno prese dallo Spirito Santo e riempite di Dio cos\u00ec che noi, oggi, leggiamo la Parola di Dio sulle labbra screpolate di Paolo lo scoraggiato e irrequieto apostolo.<\/p>\n<p style=\"text-align: justify;\">Pietro e Giovanni e gli altri non lo sanno, ma la loro fede, pi\u00f9 piccola di un granellino di senapa, crescer\u00e0 e diventer\u00e0 un immenso albero alla cui ombra ci riposiamo noi, pavidi discepoli del terzo millennio\u2026<\/p>\n<p style=\"text-align: justify;\">anche quando i cristiani smontavano la credibilit\u00e0 della Chiesa pezzo per pezzo\u2026<\/p>\n<p style=\"text-align: justify;\"><strong>Leggerezza<\/strong><\/p>\n<p style=\"text-align: justify;\">Amico: abbandonati nelle braccia di Dio; ma sul serio, non per finta.<\/p>\n<p style=\"text-align: justify;\">Conosco persone che \u2013 con l\u2019acqua alla gola \u2013 mettono alla prova Dio.<\/p>\n<p style=\"text-align: justify;\">Si fidano a parole ma non si staccano dalla riva per prendere il largo.<\/p>\n<p style=\"text-align: justify;\">A volte la nostra vita \u00e8 irrequieta e piena di dubbi ma non ce ne stacchiamo, invochiamo Dio, senza poi lasciargli la possibilit\u00e0 di agire e di salvarci; invochiamo Dio, s\u00ec, spiegandogli, per\u00f2, cosa deve fare.<\/p>\n<p style=\"text-align: justify;\">Vuoi essere discepolo? Metti la tua vita e la tua volont\u00e0 nelle mani del Maestro: davvero, sul serio. Occhio per\u00f2: normalmente Dio ascolta, spesso in maniera cos\u00ec eclatante che ti viene da sorridere.<\/p>\n<p style=\"text-align: justify;\">L\u2019unico serio rischio della preghiera \u00e8 che Dio ci ascolti, l\u2019unica controindicazione dell\u2019abbandonarsi in Dio \u00e8 che poi rischi pericolosamente la santit\u00e0.<\/p>\n<p style=\"text-align: justify;\">Seconda provocazione: siamo servi inutili. Cio\u00e8 il mondo \u00e8 gi\u00e0 salvo, non dobbiamo salvarlo noi.<\/p>\n<p style=\"text-align: justify;\">A noi \u00e8 chiesto di vivere da salvati, a guardare oltre, al di l\u00e0 e al di dentro.<\/p>\n<p style=\"text-align: justify;\">A noi Ges\u00f9 chiede di vivere come uomini di fede, a camminare nel nostro cammino con un cuore compassionevole e gravido di pace, fecondo e accogliente. Con leggerezza.<\/p>\n<p style=\"text-align: justify;\">Per il resto lasciamo a Dio fare il suo mestiere.<\/p>\n<p style=\"text-align: justify;\">www.paolocurtaz.it<\/p>\n","protected":false},"excerpt":{"rendered":"<p>Ventisettesima domenica durante l&#8217;anno Ab 1,2-3;2,2-4\/ 2Tm 1,6-8.13-14\/Lc 17,5-10 Accresci la fede dei tuoi servi, Signore Viviamo tempi difficili, lo vediamo tutti. La crisi economica picchia duro e non si vedono prospettive. Sono anch\u2019io della generazione di quelli che non hanno certezze per il futuro, pur avendo voglia e qualit\u00e0. Molti dei miei coetanei non&#8230;<\/p>\n","protected":false},"author":3,"featured_media":0,"comment_status":"closed","ping_status":"closed","sticky":false,"template":"","format":"standard","meta":{"_kad_post_transparent":"","_kad_post_title":"","_kad_post_layout":"","_kad_post_sidebar_id":"","_kad_post_content_style":"","_kad_post_vertical_padding":"","_kad_post_feature":"","_kad_post_feature_position":"","_kad_post_header":false,"_kad_post_footer":false,"_kad_post_classname":"","footnotes":""},"categories":[100,147],"tags":[380,223,172],"class_list":["post-231049","post","type-post","status-publish","format-standard","hentry","category-100","category-commento-al-vangelo","tag-in-evidenza","tag-paolo-curtaz","tag-vangelo-della-domenica"],"_links":{"self":[{"href":"https:\/\/archivio.cercoiltuovolto.it\/index.php?rest_route=\/wp\/v2\/posts\/231049","targetHints":{"allow":["GET"]}}],"collection":[{"href":"https:\/\/archivio.cercoiltuovolto.it\/index.php?rest_route=\/wp\/v2\/posts"}],"about":[{"href":"https:\/\/archivio.cercoiltuovolto.it\/index.php?rest_route=\/wp\/v2\/types\/post"}],"author":[{"embeddable":true,"href":"https:\/\/archivio.cercoiltuovolto.it\/index.php?rest_route=\/wp\/v2\/users\/3"}],"replies":[{"embeddable":true,"href":"https:\/\/archivio.cercoiltuovolto.it\/index.php?rest_route=%2Fwp%2Fv2%2Fcomments&post=231049"}],"version-history":[{"count":0,"href":"https:\/\/archivio.cercoiltuovolto.it\/index.php?rest_route=\/wp\/v2\/posts\/231049\/revisions"}],"wp:attachment":[{"href":"https:\/\/archivio.cercoiltuovolto.it\/index.php?rest_route=%2Fwp%2Fv2%2Fmedia&parent=231049"}],"wp:term":[{"taxonomy":"category","embeddable":true,"href":"https:\/\/archivio.cercoiltuovolto.it\/index.php?rest_route=%2Fwp%2Fv2%2Fcategories&post=231049"},{"taxonomy":"post_tag","embeddable":true,"href":"https:\/\/archivio.cercoiltuovolto.it\/index.php?rest_route=%2Fwp%2Fv2%2Ftags&post=231049"}],"curies":[{"name":"wp","href":"https:\/\/api.w.org\/{rel}","templated":true}]}}