{"id":230987,"date":"2010-09-11T07:37:27","date_gmt":"2010-09-11T07:37:27","guid":{"rendered":"https:\/\/archivio.cercoiltuovolto.it\/?p=230987"},"modified":"2010-09-11T07:37:27","modified_gmt":"2010-09-11T07:37:27","slug":"commento-al-vangelo-del-12-settembre-2010-don-carlo-occelli","status":"publish","type":"post","link":"https:\/\/archivio.cercoiltuovolto.it\/?p=230987","title":{"rendered":"Commento al Vangelo del 12 settembre 2010 &#8211; don Carlo Occelli"},"content":{"rendered":"<h3>Per dire: &#8220;S\u00ec, volentieri!!&#8221;<\/h3>\n<p>don Carlo Occelli commenta il vangelo della XXIV Domenica del Tempo Ordinario.<\/p>\n<blockquote>\n<h3><\/h3>\n<p><em>Lc 15, 1-1 (Forma breve)<\/em><br \/>\n<em>Dal Vangelo secondo\u00a0Luca<\/em><\/p>\n<p>In  quel tempo, si avvicinavano a Ges\u00f9 tutti i pubblicani e i peccatori per  ascoltarlo. I farisei e gli scribi mormoravano dicendo: \u00abCostui  accoglie i peccatori e mangia con loro\u00bb.<br \/>\n Ed egli disse loro questa  parabola: \u00abChi di voi, se ha cento pecore e ne perde una, non lascia le  novantanove nel deserto e va in cerca di quella perduta, finch\u00e9 non la  trova? Quando l\u2019ha trovata, pieno di gioia se la carica sulle spalle, va  a casa, chiama gli amici e i vicini e dice loro: \u201cRallegratevi con me,  perch\u00e9 ho trovato la mia pecora, quella che si era perduta\u201d. Io vi dico:  cos\u00ec vi sar\u00e0 gioia nel cielo per un solo peccatore che si converte, pi\u00f9  che per novantanove giusti i quali non hanno bisogno di conversione.<br \/>\n Oppure, quale donna, se ha dieci monete e ne perde una, non accende la  lampada e spazza la casa e cerca accuratamente finch\u00e9 non la trova? E  dopo averla trovata, chiama le amiche e le vicine, e dice: \u201cRallegratevi  con me, perch\u00e9 ho trovato la moneta che avevo perduto\u201d. Cos\u00ec, io vi  dico, vi \u00e8 gioia davanti agli angeli di Dio per un solo peccatore che si  converte\u00bb.<\/p>\n<p>C: Parola del Signore.<br \/>\nA: Lode a Te o Cristo.<\/p>\n<\/blockquote>\n<p style=\"text-align: center;\">[stream provider=youtube flv=http%3A\/\/www.youtube.com\/watch%3Fv%3DnkeTZmxpoRQ%26feature%3Dyoutube_gdata img=x:\/img.youtube.com\/vi\/nkeTZmxpoRQ\/0.jpg embed=true share=true width=560 height=360 dock=true controlbar=over bandwidth=med autostart=false \/]<\/p>\n","protected":false},"excerpt":{"rendered":"<p>Per dire: &#8220;S\u00ec, volentieri!!&#8221; don Carlo Occelli commenta il vangelo della XXIV Domenica del Tempo Ordinario. Lc 15, 1-1 (Forma breve) Dal Vangelo secondo\u00a0Luca In quel tempo, si avvicinavano a Ges\u00f9 tutti i pubblicani e i peccatori per ascoltarlo. I farisei e gli scribi mormoravano dicendo: \u00abCostui accoglie i peccatori e mangia con loro\u00bb. Ed&#8230;<\/p>\n","protected":false},"author":3,"featured_media":0,"comment_status":"closed","ping_status":"closed","sticky":false,"template":"","format":"standard","meta":{"_kad_post_transparent":"","_kad_post_title":"","_kad_post_layout":"","_kad_post_sidebar_id":"","_kad_post_content_style":"","_kad_post_vertical_padding":"","_kad_post_feature":"","_kad_post_feature_position":"","_kad_post_header":false,"_kad_post_footer":false,"_kad_post_classname":"","footnotes":""},"categories":[100,147],"tags":[172,113,83],"class_list":["post-230987","post","type-post","status-publish","format-standard","hentry","category-100","category-commento-al-vangelo","tag-vangelo-della-domenica","tag-video","tag-youtube"],"_links":{"self":[{"href":"https:\/\/archivio.cercoiltuovolto.it\/index.php?rest_route=\/wp\/v2\/posts\/230987","targetHints":{"allow":["GET"]}}],"collection":[{"href":"https:\/\/archivio.cercoiltuovolto.it\/index.php?rest_route=\/wp\/v2\/posts"}],"about":[{"href":"https:\/\/archivio.cercoiltuovolto.it\/index.php?rest_route=\/wp\/v2\/types\/post"}],"author":[{"embeddable":true,"href":"https:\/\/archivio.cercoiltuovolto.it\/index.php?rest_route=\/wp\/v2\/users\/3"}],"replies":[{"embeddable":true,"href":"https:\/\/archivio.cercoiltuovolto.it\/index.php?rest_route=%2Fwp%2Fv2%2Fcomments&post=230987"}],"version-history":[{"count":0,"href":"https:\/\/archivio.cercoiltuovolto.it\/index.php?rest_route=\/wp\/v2\/posts\/230987\/revisions"}],"wp:attachment":[{"href":"https:\/\/archivio.cercoiltuovolto.it\/index.php?rest_route=%2Fwp%2Fv2%2Fmedia&parent=230987"}],"wp:term":[{"taxonomy":"category","embeddable":true,"href":"https:\/\/archivio.cercoiltuovolto.it\/index.php?rest_route=%2Fwp%2Fv2%2Fcategories&post=230987"},{"taxonomy":"post_tag","embeddable":true,"href":"https:\/\/archivio.cercoiltuovolto.it\/index.php?rest_route=%2Fwp%2Fv2%2Ftags&post=230987"}],"curies":[{"name":"wp","href":"https:\/\/api.w.org\/{rel}","templated":true}]}}