{"id":230968,"date":"2010-09-03T07:11:50","date_gmt":"2010-09-03T07:11:50","guid":{"rendered":"https:\/\/archivio.cercoiltuovolto.it\/?p=230968"},"modified":"2010-09-03T07:11:50","modified_gmt":"2010-09-03T07:11:50","slug":"commento-al-vangelo-del-5-settembre-2010-don-fabio-rosini","status":"publish","type":"post","link":"https:\/\/archivio.cercoiltuovolto.it\/?p=230968","title":{"rendered":"Commento al Vangelo del 5 settembre 2010 &#8211; don Fabio Rosini"},"content":{"rendered":"<p>Il biblista don Fabio Rosini commenta il Vangelo di <strong>domenica 5 settembre 2010<\/strong> dai microfoni di Radio Vaticana.<\/p>\n<blockquote>\n<p style=\"text-align: justify;\"><em>Lc 14, 25-33<\/em><br \/>\n<em>Dal Vangelo secondo\u00a0Luca<\/em><\/p>\n<p>In quel tempo, siccome molta gente andava con lui, Ges\u00f9 si In quel tempo, una folla numerosa andava con Ges\u00f9. Egli si volt\u00f2 e disse loro:<br \/>\n \u00abSe uno viene a me e non mi ama pi\u00f9 di quanto ami suo padre, la madre, la moglie, i figli, i fratelli, le sorelle e perfino la propria vita, non pu\u00f2 essere mio discepolo.<br \/>\n Colui che non porta la propria croce e non viene dietro a me, non pu\u00f2 essere mio discepolo.<br \/>\n Chi di voi, volendo costruire una torre, non siede prima a calcolare la spesa e a vedere se ha i mezzi per portarla a termine? Per evitare che, se getta le fondamenta e non \u00e8 in grado di finire il lavoro, tutti coloro che vedono comincino a deriderlo, dicendo: \u201cCostui ha iniziato a costruire, ma non \u00e8 stato capace di finire il lavoro\u201d.<br \/>\n Oppure quale re, partendo in guerra contro un altro re, non siede prima a esaminare se pu\u00f2 affrontare con diecimila uomini chi gli viene incontro con ventimila? Se no, mentre l\u2019altro \u00e8 ancora lontano, gli manda dei messaggeri per chiedere pace.<br \/>\n Cos\u00ec chiunque di voi non rinuncia a tutti i suoi averi, non pu\u00f2 essere mio discepolo\u00bb.<\/p>\n<p>C: Parola del Signore.<br \/>\nA: Lode a Te o Cristo.<\/p>\n<\/blockquote>\n<p class=\"lampadina\"><strong>Ascolta (con possibilit\u00e0 di download del podcast)<\/strong><\/p>\n","protected":false},"excerpt":{"rendered":"<p>Il biblista don Fabio Rosini commenta il Vangelo di domenica 5 settembre 2010 dai microfoni di Radio Vaticana. Lc 14, 25-33 Dal Vangelo secondo\u00a0Luca In quel tempo, siccome molta gente andava con lui, Ges\u00f9 si In quel tempo, una folla numerosa andava con Ges\u00f9. Egli si volt\u00f2 e disse loro: \u00abSe uno viene a me&#8230;<\/p>\n","protected":false},"author":3,"featured_media":0,"comment_status":"closed","ping_status":"closed","sticky":false,"template":"","format":"standard","meta":{"_kad_post_transparent":"","_kad_post_title":"","_kad_post_layout":"","_kad_post_sidebar_id":"","_kad_post_content_style":"","_kad_post_vertical_padding":"","_kad_post_feature":"","_kad_post_feature_position":"","_kad_post_header":false,"_kad_post_footer":false,"_kad_post_classname":"","footnotes":""},"categories":[100,4],"tags":[5,276,172],"class_list":["post-230968","post","type-post","status-publish","format-standard","hentry","category-100","category-audio-cattolici","tag-commento-al-vangelo","tag-don-fabio-rosini","tag-vangelo-della-domenica"],"_links":{"self":[{"href":"https:\/\/archivio.cercoiltuovolto.it\/index.php?rest_route=\/wp\/v2\/posts\/230968","targetHints":{"allow":["GET"]}}],"collection":[{"href":"https:\/\/archivio.cercoiltuovolto.it\/index.php?rest_route=\/wp\/v2\/posts"}],"about":[{"href":"https:\/\/archivio.cercoiltuovolto.it\/index.php?rest_route=\/wp\/v2\/types\/post"}],"author":[{"embeddable":true,"href":"https:\/\/archivio.cercoiltuovolto.it\/index.php?rest_route=\/wp\/v2\/users\/3"}],"replies":[{"embeddable":true,"href":"https:\/\/archivio.cercoiltuovolto.it\/index.php?rest_route=%2Fwp%2Fv2%2Fcomments&post=230968"}],"version-history":[{"count":0,"href":"https:\/\/archivio.cercoiltuovolto.it\/index.php?rest_route=\/wp\/v2\/posts\/230968\/revisions"}],"wp:attachment":[{"href":"https:\/\/archivio.cercoiltuovolto.it\/index.php?rest_route=%2Fwp%2Fv2%2Fmedia&parent=230968"}],"wp:term":[{"taxonomy":"category","embeddable":true,"href":"https:\/\/archivio.cercoiltuovolto.it\/index.php?rest_route=%2Fwp%2Fv2%2Fcategories&post=230968"},{"taxonomy":"post_tag","embeddable":true,"href":"https:\/\/archivio.cercoiltuovolto.it\/index.php?rest_route=%2Fwp%2Fv2%2Ftags&post=230968"}],"curies":[{"name":"wp","href":"https:\/\/api.w.org\/{rel}","templated":true}]}}