{"id":230961,"date":"2010-09-01T06:00:40","date_gmt":"2010-09-01T06:00:40","guid":{"rendered":"https:\/\/archivio.cercoiltuovolto.it\/?p=230961"},"modified":"2010-09-01T06:00:40","modified_gmt":"2010-09-01T06:00:40","slug":"speciale-madre-teresa-di-calcutta","status":"publish","type":"post","link":"https:\/\/archivio.cercoiltuovolto.it\/?p=230961","title":{"rendered":"Speciale Madre Teresa di Calcutta"},"content":{"rendered":"<blockquote>\n<p style=\"text-align: justify;\"><a href=\"http:\/\/www.cercoiltuovolto.it\/\/wp-content\/uploads\/2010\/08\/calcutta.jpg\"><img loading=\"lazy\" decoding=\"async\" class=\"alignleft size-medium wp-image-12651\" title=\"calcutta\" src=\"http:\/\/www.cercoiltuovolto.it\/\/wp-content\/uploads\/2010\/08\/calcutta-151x300.jpg\" alt=\"\" width=\"151\" height=\"300\" \/><\/a>Nacque il 26 agosto 1910 a Skopje in una benestante famiglia di genitori albanesi originari di <a title=\"Scutari\" href=\"http:\/\/it.wikipedia.org\/wiki\/Scutari\">Scutari<\/a>.  All&#8217;et\u00e0 di otto anni rimase orfana di padre e la sua famiglia si trov\u00f2  in gravi difficolt\u00e0 finanziarie. A partire dall&#8217;et\u00e0 di quattordici anni  partecip\u00f2 a gruppi di carit\u00e0 organizzati dalla sua parrocchia e nel <a title=\"1928\" href=\"http:\/\/it.wikipedia.org\/wiki\/1928\">1928<\/a>, a diciotto anni, decise di prendere i voti entrando come aspirante nelle Dame Inglesi, Istituto della Beata Vergine Maria.<\/p>\n<p style=\"text-align: justify;\">Inviata nel <a title=\"1929\" href=\"http:\/\/it.wikipedia.org\/wiki\/1929\">1929<\/a> in <a title=\"Irlanda\" href=\"http:\/\/it.wikipedia.org\/wiki\/Irlanda\">Irlanda<\/a> a svolgere la prima parte del suo noviziato, nel <a title=\"1931\" href=\"http:\/\/it.wikipedia.org\/wiki\/1931\">1931<\/a>,  dopo aver preso i voti e assunto il nome di Maria Teresa, ispirandosi a  Santa Teresa di Lisieux, part\u00ec per l&#8217;India per completare i suoi studi.  Divent\u00f2 insegnante presso il collegio cattolico di Saint Mary&#8217;s High  School di Entally, sobborgo di Calcutta, frequentato soprattutto dalle  figlie dei coloni britannici. Negli anni che trascorse alla Saint Mary  si distinse per le sue innate capacit\u00e0 organizzative, tanto che nel <a title=\"1944\" href=\"http:\/\/it.wikipedia.org\/wiki\/1944\">1944<\/a> fu dichiarata direttrice.<\/p>\n<p>Continua su <a href=\"http:\/\/it.wikipedia.org\/wiki\/Madre_Teresa_di_Calcutta\">Wikipedia<\/a><\/p>\n<\/blockquote>\n<h3 style=\"text-align: center;\">Filmato andato in onda il 26 agosto 2010 su Rai Storia<\/h3>\n<p style=\"text-align: center;\">\n","protected":false},"excerpt":{"rendered":"<p>Nacque il 26 agosto 1910 a Skopje in una benestante famiglia di genitori albanesi originari di Scutari. All&#8217;et\u00e0 di otto anni rimase orfana di padre e la sua famiglia si trov\u00f2 in gravi difficolt\u00e0 finanziarie. A partire dall&#8217;et\u00e0 di quattordici anni partecip\u00f2 a gruppi di carit\u00e0 organizzati dalla sua parrocchia e nel 1928, a diciotto&#8230;<\/p>\n","protected":false},"author":3,"featured_media":0,"comment_status":"closed","ping_status":"closed","sticky":false,"template":"","format":"standard","meta":{"_kad_post_transparent":"","_kad_post_title":"","_kad_post_layout":"","_kad_post_sidebar_id":"","_kad_post_content_style":"","_kad_post_vertical_padding":"","_kad_post_feature":"","_kad_post_feature_position":"","_kad_post_header":false,"_kad_post_footer":false,"_kad_post_classname":"","footnotes":""},"categories":[100,155],"tags":[79,24,113],"class_list":["post-230961","post","type-post","status-publish","format-standard","hentry","category-100","category-documentario","tag-persone","tag-televisione","tag-video"],"_links":{"self":[{"href":"https:\/\/archivio.cercoiltuovolto.it\/index.php?rest_route=\/wp\/v2\/posts\/230961","targetHints":{"allow":["GET"]}}],"collection":[{"href":"https:\/\/archivio.cercoiltuovolto.it\/index.php?rest_route=\/wp\/v2\/posts"}],"about":[{"href":"https:\/\/archivio.cercoiltuovolto.it\/index.php?rest_route=\/wp\/v2\/types\/post"}],"author":[{"embeddable":true,"href":"https:\/\/archivio.cercoiltuovolto.it\/index.php?rest_route=\/wp\/v2\/users\/3"}],"replies":[{"embeddable":true,"href":"https:\/\/archivio.cercoiltuovolto.it\/index.php?rest_route=%2Fwp%2Fv2%2Fcomments&post=230961"}],"version-history":[{"count":0,"href":"https:\/\/archivio.cercoiltuovolto.it\/index.php?rest_route=\/wp\/v2\/posts\/230961\/revisions"}],"wp:attachment":[{"href":"https:\/\/archivio.cercoiltuovolto.it\/index.php?rest_route=%2Fwp%2Fv2%2Fmedia&parent=230961"}],"wp:term":[{"taxonomy":"category","embeddable":true,"href":"https:\/\/archivio.cercoiltuovolto.it\/index.php?rest_route=%2Fwp%2Fv2%2Fcategories&post=230961"},{"taxonomy":"post_tag","embeddable":true,"href":"https:\/\/archivio.cercoiltuovolto.it\/index.php?rest_route=%2Fwp%2Fv2%2Ftags&post=230961"}],"curies":[{"name":"wp","href":"https:\/\/api.w.org\/{rel}","templated":true}]}}