{"id":230917,"date":"2010-07-25T18:00:14","date_gmt":"2010-07-25T18:00:14","guid":{"rendered":"https:\/\/archivio.cercoiltuovolto.it\/?p=230917"},"modified":"2010-07-25T18:00:14","modified_gmt":"2010-07-25T18:00:14","slug":"commento-al-vangelo-del-01-agosto-2010-comunita-cattolica-ungherese","status":"publish","type":"post","link":"https:\/\/archivio.cercoiltuovolto.it\/?p=230917","title":{"rendered":"Commento al Vangelo del 01 agosto 2010 &#8211; Comunit\u00e0 cattolica ungherese"},"content":{"rendered":"<p style=\"text-align: justify;\">Commento al Vangelo di domenica prossima a cura di p. Sergio della Comunit\u00e0 cattolica italiana in Ungheria.<\/p>\n<blockquote>\n<p style=\"text-align: justify;\"><strong><em>Lc 12, 13-21<\/em><br \/>\n<em>Dal Vangelo secondo\u00a0Luca<\/em><\/strong><\/p>\n<p>\u2021 In  quel tempo, uno della folla disse a Ges\u00f9: \u00abMaestro, d\u00ec a mio fratello  che divida con me l\u2019eredit\u00e0\u00bb. <br \/>\n Ma egli rispose: \u00abO uomo, chi mi ha  costituito giudice o mediatore sopra di voi?\u00bb. <br \/>\n E disse loro:  \u00abGuardatevi e tenetevi lontano da ogni cupidigia, perch\u00e9 anche se uno \u00e8  nell\u2019abbondanza la sua vita non dipende dai suoi beni\u00bb. <br \/>\n Disse poi  una parabola: \u00abLa campagna di un uomo ricco aveva dato un buon raccolto.  Egli ragionava tra s\u00e9: Che far\u00f2, poich\u00e9 non ho dove riporre i miei  raccolti? E disse: Far\u00f2 cos\u00ec: demolir\u00f2 i miei magazzini e ne costruir\u00f2  di pi\u00f9 grandi e vi raccoglier\u00f2 tutto il grano e i miei beni. Poi dir\u00f2 a  me stesso: Anima mia, hai a disposizione molti beni, per molti anni;  riposati, mangia, bevi e datti alla gioia. Ma Dio gli disse: Stolto,  questa notte stessa ti sar\u00e0 richiesta la tua vita. E quello che hai  preparato di chi sar\u00e0? <br \/>\n Cos\u00ec \u00e8 di chi accumula tesori per s\u00e9, e non  arricchisce davanti a Dio\u00bb.<\/p>\n<p>C: Parola del Signore.<br \/>\nA: Lode a  Te o Cristo.<\/p>\n<\/blockquote>\n<p style=\"text-align: center;\">[stream provider=youtube flv=http%3A\/\/www.youtube.com\/watch%3Fv%3DfDjFbK-ywFA%26feature%3Dyoutube_gdata img=x:\/img.youtube.com\/vi\/fDjFbK-ywFA\/0.jpg embed=true share=true width=560 height=360 dock=true controlbar=over bandwidth=med autostart=false \/]<\/p>\n","protected":false},"excerpt":{"rendered":"<p>Commento al Vangelo di domenica prossima a cura di p. Sergio della Comunit\u00e0 cattolica italiana in Ungheria. Lc 12, 13-21 Dal Vangelo secondo\u00a0Luca \u2021 In quel tempo, uno della folla disse a Ges\u00f9: \u00abMaestro, d\u00ec a mio fratello che divida con me l\u2019eredit\u00e0\u00bb. Ma egli rispose: \u00abO uomo, chi mi ha costituito giudice o mediatore&#8230;<\/p>\n","protected":false},"author":3,"featured_media":0,"comment_status":"closed","ping_status":"closed","sticky":false,"template":"","format":"standard","meta":{"_kad_post_transparent":"","_kad_post_title":"","_kad_post_layout":"","_kad_post_sidebar_id":"","_kad_post_content_style":"","_kad_post_vertical_padding":"","_kad_post_feature":"","_kad_post_feature_position":"","_kad_post_header":false,"_kad_post_footer":false,"_kad_post_classname":"","footnotes":""},"categories":[100,147],"tags":[22,172,113],"class_list":["post-230917","post","type-post","status-publish","format-standard","hentry","category-100","category-commento-al-vangelo","tag-francescani","tag-vangelo-della-domenica","tag-video"],"_links":{"self":[{"href":"https:\/\/archivio.cercoiltuovolto.it\/index.php?rest_route=\/wp\/v2\/posts\/230917","targetHints":{"allow":["GET"]}}],"collection":[{"href":"https:\/\/archivio.cercoiltuovolto.it\/index.php?rest_route=\/wp\/v2\/posts"}],"about":[{"href":"https:\/\/archivio.cercoiltuovolto.it\/index.php?rest_route=\/wp\/v2\/types\/post"}],"author":[{"embeddable":true,"href":"https:\/\/archivio.cercoiltuovolto.it\/index.php?rest_route=\/wp\/v2\/users\/3"}],"replies":[{"embeddable":true,"href":"https:\/\/archivio.cercoiltuovolto.it\/index.php?rest_route=%2Fwp%2Fv2%2Fcomments&post=230917"}],"version-history":[{"count":0,"href":"https:\/\/archivio.cercoiltuovolto.it\/index.php?rest_route=\/wp\/v2\/posts\/230917\/revisions"}],"wp:attachment":[{"href":"https:\/\/archivio.cercoiltuovolto.it\/index.php?rest_route=%2Fwp%2Fv2%2Fmedia&parent=230917"}],"wp:term":[{"taxonomy":"category","embeddable":true,"href":"https:\/\/archivio.cercoiltuovolto.it\/index.php?rest_route=%2Fwp%2Fv2%2Fcategories&post=230917"},{"taxonomy":"post_tag","embeddable":true,"href":"https:\/\/archivio.cercoiltuovolto.it\/index.php?rest_route=%2Fwp%2Fv2%2Ftags&post=230917"}],"curies":[{"name":"wp","href":"https:\/\/api.w.org\/{rel}","templated":true}]}}