{"id":230914,"date":"2010-07-24T06:00:50","date_gmt":"2010-07-24T06:00:50","guid":{"rendered":"https:\/\/archivio.cercoiltuovolto.it\/?p=230914"},"modified":"2010-07-24T06:00:50","modified_gmt":"2010-07-24T06:00:50","slug":"commento-al-vangelo-del-25-luglio-2010-don-michele-cuttano","status":"publish","type":"post","link":"https:\/\/archivio.cercoiltuovolto.it\/?p=230914","title":{"rendered":"Commento al Vangelo del 25 luglio 2010 &#8211; don Michele Cuttano"},"content":{"rendered":"<p style=\"text-align: center;\"><a href=\"http:\/\/www.cercoiltuovolto.it\/\/wp-content\/uploads\/2010\/02\/cuttano.jpg\"><img loading=\"lazy\" decoding=\"async\" class=\"alignnone size-full wp-image-9782\" title=\"cuttano\" src=\"http:\/\/www.cercoiltuovolto.it\/\/wp-content\/uploads\/2010\/02\/cuttano.jpg\" alt=\"\" width=\"380\" height=\"183\" \/><\/a><\/p>\n<blockquote>\n<p><strong><em>Lc 11, 1-13<\/em><br \/>\n <em>Dal Vangelo secondo\u00a0Luca<\/em><\/strong><\/p>\n<p> Ges\u00f9  si trovava in un luogo a pregare; quando ebbe finito, uno dei suoi  discepoli gli disse: \u00abSignore, insegnaci a pregare, come anche Giovanni  ha insegnato ai suoi discepoli\u00bb. Ed egli disse loro: \u00abQuando pregate,  dite:<br \/>\n \u201cPadre,<br \/>\n sia santificato il tuo nome,<br \/>\n venga il tuo  regno;<br \/>\n dacci ogni giorno il nostro pane quotidiano,<br \/>\n e perdona a  noi i nostri peccati,<br \/>\n anche noi infatti perdoniamo a ogni nostro  debitore,<br \/>\n e non abbandonarci alla tentazione\u201d\u00bb.<br \/>\n Poi disse loro:  \u00abSe uno di voi ha un amico e a mezzanotte va da lui a dirgli: \u201cAmico,  prestami tre pani, perch\u00e9 \u00e8 giunto da me un amico da un viaggio e non ho  nulla da offrirgli\u201d; e se quello dall\u2019interno gli risponde: \u201cNon  m\u2019importunare, la porta \u00e8 gi\u00e0 chiusa, io e i miei bambini siamo a letto,  non posso alzarmi per darti i pani\u201d, vi dico che, anche se non si  alzer\u00e0 a darglieli perch\u00e9 \u00e8 suo amico, almeno per la sua invadenza si  alzer\u00e0 a dargliene quanti gliene occorrono.<br \/>\n Ebbene, io vi dico:  chiedete e vi sar\u00e0 dato, cercate e troverete, bussate e vi sar\u00e0 aperto.  Perch\u00e9 chiunque chiede riceve e chi cerca trova e a chi bussa sar\u00e0  aperto.<br \/>\n Quale padre tra voi, se il figlio gli chiede un pesce, gli  dar\u00e0 una serpe al posto del pesce? O se gli chiede un uovo, gli dar\u00e0 uno  scorpione? Se voi dunque, che siete cattivi, sapete dare cose buone ai  vostri figli, quanto pi\u00f9 il Padre vostro del cielo dar\u00e0 lo Spirito Santo  a quelli che glielo chiedono!\u00bb.<\/p>\n<p> C: Parola del Signore.<br \/>\n A:  Lode a Te o Cristo.<\/p>\n<\/blockquote>\n<p style=\"text-align: center;\">[stream provider=youtube flv=http%3A\/\/www.youtube.com\/watch%3Fv%3DUiIfDUH6xjI%26feature%3Dyoutube_gdata img=x:\/img.youtube.com\/vi\/UiIfDUH6xjI\/0.jpg embed=true share=true width=560 height=360 dock=true controlbar=over bandwidth=med autostart=false \/]<\/p>\n","protected":false},"excerpt":{"rendered":"<p>Lc 11, 1-13 Dal Vangelo secondo\u00a0Luca Ges\u00f9 si trovava in un luogo a pregare; quando ebbe finito, uno dei suoi discepoli gli disse: \u00abSignore, insegnaci a pregare, come anche Giovanni ha insegnato ai suoi discepoli\u00bb. Ed egli disse loro: \u00abQuando pregate, dite: \u201cPadre, sia santificato il tuo nome, venga il tuo regno; dacci ogni giorno&#8230;<\/p>\n","protected":false},"author":3,"featured_media":0,"comment_status":"closed","ping_status":"closed","sticky":false,"template":"","format":"standard","meta":{"_kad_post_transparent":"","_kad_post_title":"","_kad_post_layout":"","_kad_post_sidebar_id":"","_kad_post_content_style":"","_kad_post_vertical_padding":"","_kad_post_feature":"","_kad_post_feature_position":"","_kad_post_header":false,"_kad_post_footer":false,"_kad_post_classname":"","footnotes":""},"categories":[100,147],"tags":[172,113,83],"class_list":["post-230914","post","type-post","status-publish","format-standard","hentry","category-100","category-commento-al-vangelo","tag-vangelo-della-domenica","tag-video","tag-youtube"],"_links":{"self":[{"href":"https:\/\/archivio.cercoiltuovolto.it\/index.php?rest_route=\/wp\/v2\/posts\/230914","targetHints":{"allow":["GET"]}}],"collection":[{"href":"https:\/\/archivio.cercoiltuovolto.it\/index.php?rest_route=\/wp\/v2\/posts"}],"about":[{"href":"https:\/\/archivio.cercoiltuovolto.it\/index.php?rest_route=\/wp\/v2\/types\/post"}],"author":[{"embeddable":true,"href":"https:\/\/archivio.cercoiltuovolto.it\/index.php?rest_route=\/wp\/v2\/users\/3"}],"replies":[{"embeddable":true,"href":"https:\/\/archivio.cercoiltuovolto.it\/index.php?rest_route=%2Fwp%2Fv2%2Fcomments&post=230914"}],"version-history":[{"count":0,"href":"https:\/\/archivio.cercoiltuovolto.it\/index.php?rest_route=\/wp\/v2\/posts\/230914\/revisions"}],"wp:attachment":[{"href":"https:\/\/archivio.cercoiltuovolto.it\/index.php?rest_route=%2Fwp%2Fv2%2Fmedia&parent=230914"}],"wp:term":[{"taxonomy":"category","embeddable":true,"href":"https:\/\/archivio.cercoiltuovolto.it\/index.php?rest_route=%2Fwp%2Fv2%2Fcategories&post=230914"},{"taxonomy":"post_tag","embeddable":true,"href":"https:\/\/archivio.cercoiltuovolto.it\/index.php?rest_route=%2Fwp%2Fv2%2Ftags&post=230914"}],"curies":[{"name":"wp","href":"https:\/\/api.w.org\/{rel}","templated":true}]}}