{"id":230904,"date":"2010-07-22T06:00:43","date_gmt":"2010-07-22T06:00:43","guid":{"rendered":"https:\/\/archivio.cercoiltuovolto.it\/?p=230904"},"modified":"2010-07-22T06:00:43","modified_gmt":"2010-07-22T06:00:43","slug":"storia-di-padre-herman-harakandi","status":"publish","type":"post","link":"https:\/\/archivio.cercoiltuovolto.it\/?p=230904","title":{"rendered":"Storia di padre Herman Harakandi"},"content":{"rendered":"<p style=\"text-align: justify;\">(1 giugno 2010) Incontro organizzato dall&#8217;associazione AMORE.<\/p>\n<p style=\"text-align: justify;\">Negli anni \u201880 padre Herman Harakandi fugg\u00ec dal Burundi per ragioni politiche. Dopo avere viaggiato in vari paesi europei arriv\u00f2 a Piagge (PU), un paese dell\u2019entroterra di Fano, dove si ferm\u00f2 a vivere ospite del parroco Don Giancarlo. In questo periodo Herman divenne parte delle comunit\u00e0 di Piagge e di San Costanzo e fra lui e le persone di quelle comunit\u00e0 si cre\u00f2 una solida amicizia. Dopo circa due anni padre Herman dovette tornare in Burundi, perch\u00e9 la piccola congregazione che aveva fondato prima della fuga stava per essere sciolta. Questa congregazione \u00e8 quella degli Apotres che, nonostante i suoi mezzi esigui, vive e lavora ancora oggi. Dopo il ritorno di Herman in Burundi, le comunit\u00e0 di San Costanzo e di Piagge con Don Giancarlo De Santi, direttore del Centro Missionario Diocesano di Fano e la comunit\u00e0 degli Apotres, continuarono a mantenere il loro rapporto di amicizia e solidariet\u00e0.<\/p>\n<p style=\"text-align: center;\">\n","protected":false},"excerpt":{"rendered":"<p>(1 giugno 2010) Incontro organizzato dall&#8217;associazione AMORE. Negli anni \u201880 padre Herman Harakandi fugg\u00ec dal Burundi per ragioni politiche. Dopo avere viaggiato in vari paesi europei arriv\u00f2 a Piagge (PU), un paese dell\u2019entroterra di Fano, dove si ferm\u00f2 a vivere ospite del parroco Don Giancarlo. In questo periodo Herman divenne parte delle comunit\u00e0 di Piagge&#8230;<\/p>\n","protected":false},"author":3,"featured_media":0,"comment_status":"closed","ping_status":"closed","sticky":false,"template":"","format":"standard","meta":{"_kad_post_transparent":"","_kad_post_title":"","_kad_post_layout":"","_kad_post_sidebar_id":"","_kad_post_content_style":"","_kad_post_vertical_padding":"","_kad_post_feature":"","_kad_post_feature_position":"","_kad_post_header":false,"_kad_post_footer":false,"_kad_post_classname":"","footnotes":""},"categories":[100,375],"tags":[79,24,113],"class_list":["post-230904","post","type-post","status-publish","format-standard","hentry","category-100","category-missionari","tag-persone","tag-televisione","tag-video"],"_links":{"self":[{"href":"https:\/\/archivio.cercoiltuovolto.it\/index.php?rest_route=\/wp\/v2\/posts\/230904","targetHints":{"allow":["GET"]}}],"collection":[{"href":"https:\/\/archivio.cercoiltuovolto.it\/index.php?rest_route=\/wp\/v2\/posts"}],"about":[{"href":"https:\/\/archivio.cercoiltuovolto.it\/index.php?rest_route=\/wp\/v2\/types\/post"}],"author":[{"embeddable":true,"href":"https:\/\/archivio.cercoiltuovolto.it\/index.php?rest_route=\/wp\/v2\/users\/3"}],"replies":[{"embeddable":true,"href":"https:\/\/archivio.cercoiltuovolto.it\/index.php?rest_route=%2Fwp%2Fv2%2Fcomments&post=230904"}],"version-history":[{"count":0,"href":"https:\/\/archivio.cercoiltuovolto.it\/index.php?rest_route=\/wp\/v2\/posts\/230904\/revisions"}],"wp:attachment":[{"href":"https:\/\/archivio.cercoiltuovolto.it\/index.php?rest_route=%2Fwp%2Fv2%2Fmedia&parent=230904"}],"wp:term":[{"taxonomy":"category","embeddable":true,"href":"https:\/\/archivio.cercoiltuovolto.it\/index.php?rest_route=%2Fwp%2Fv2%2Fcategories&post=230904"},{"taxonomy":"post_tag","embeddable":true,"href":"https:\/\/archivio.cercoiltuovolto.it\/index.php?rest_route=%2Fwp%2Fv2%2Ftags&post=230904"}],"curies":[{"name":"wp","href":"https:\/\/api.w.org\/{rel}","templated":true}]}}