{"id":230901,"date":"2010-07-21T06:00:07","date_gmt":"2010-07-21T06:00:07","guid":{"rendered":"https:\/\/archivio.cercoiltuovolto.it\/?p=230901"},"modified":"2010-07-21T06:00:07","modified_gmt":"2010-07-21T06:00:07","slug":"storia-di-suor-liliana-ravetta","status":"publish","type":"post","link":"https:\/\/archivio.cercoiltuovolto.it\/?p=230901","title":{"rendered":"Storia di Suor Liliana Ravetta"},"content":{"rendered":"<p style=\"text-align: justify;\">Padre Egidio Picucci racconta la storia di Suor Liliana Ravetta, missionaria comboniana uccisa a soli 38 anni in Uganda da un gruppo di guerriglieri.<\/p>\n<blockquote>\n<p style=\"text-align: justify;\">Nata a Gavardo, provincia di Brescia, suor Liliana sent\u00ec fin da piccola la chiamata alla vita missionaria, una scelta che realizz\u00f2 nonostante la ferma opposizione dei suoi genitori. Conosceremo la storia e la personalit\u00e0 di questa martire dei nostri giorni grazie ad alcune delle oltre 500 lettere che negli anni della sua missione ha scritto in particolare a sua madre.<\/p>\n<\/blockquote>\n<p class=\"sito-web\" style=\"text-align: justify;\">Fonte: <a href=\"http:\/\/www.radiovaticana.org\/orc\/Articolo.asp?c=408544\" target=\"_blank\">Radio Vaticana<\/a><\/p>\n","protected":false},"excerpt":{"rendered":"<p>Padre Egidio Picucci racconta la storia di Suor Liliana Ravetta, missionaria comboniana uccisa a soli 38 anni in Uganda da un gruppo di guerriglieri. Nata a Gavardo, provincia di Brescia, suor Liliana sent\u00ec fin da piccola la chiamata alla vita missionaria, una scelta che realizz\u00f2 nonostante la ferma opposizione dei suoi genitori. Conosceremo la storia&#8230;<\/p>\n","protected":false},"author":3,"featured_media":0,"comment_status":"closed","ping_status":"closed","sticky":false,"template":"","format":"standard","meta":{"_kad_post_transparent":"","_kad_post_title":"","_kad_post_layout":"","_kad_post_sidebar_id":"","_kad_post_content_style":"","_kad_post_vertical_padding":"","_kad_post_feature":"","_kad_post_feature_position":"","_kad_post_header":false,"_kad_post_footer":false,"_kad_post_classname":"","footnotes":""},"categories":[100,4],"tags":[230,79,27],"class_list":["post-230901","post","type-post","status-publish","format-standard","hentry","category-100","category-audio-cattolici","tag-comboniani","tag-persone","tag-radio-vaticana"],"_links":{"self":[{"href":"https:\/\/archivio.cercoiltuovolto.it\/index.php?rest_route=\/wp\/v2\/posts\/230901","targetHints":{"allow":["GET"]}}],"collection":[{"href":"https:\/\/archivio.cercoiltuovolto.it\/index.php?rest_route=\/wp\/v2\/posts"}],"about":[{"href":"https:\/\/archivio.cercoiltuovolto.it\/index.php?rest_route=\/wp\/v2\/types\/post"}],"author":[{"embeddable":true,"href":"https:\/\/archivio.cercoiltuovolto.it\/index.php?rest_route=\/wp\/v2\/users\/3"}],"replies":[{"embeddable":true,"href":"https:\/\/archivio.cercoiltuovolto.it\/index.php?rest_route=%2Fwp%2Fv2%2Fcomments&post=230901"}],"version-history":[{"count":0,"href":"https:\/\/archivio.cercoiltuovolto.it\/index.php?rest_route=\/wp\/v2\/posts\/230901\/revisions"}],"wp:attachment":[{"href":"https:\/\/archivio.cercoiltuovolto.it\/index.php?rest_route=%2Fwp%2Fv2%2Fmedia&parent=230901"}],"wp:term":[{"taxonomy":"category","embeddable":true,"href":"https:\/\/archivio.cercoiltuovolto.it\/index.php?rest_route=%2Fwp%2Fv2%2Fcategories&post=230901"},{"taxonomy":"post_tag","embeddable":true,"href":"https:\/\/archivio.cercoiltuovolto.it\/index.php?rest_route=%2Fwp%2Fv2%2Ftags&post=230901"}],"curies":[{"name":"wp","href":"https:\/\/api.w.org\/{rel}","templated":true}]}}