{"id":230900,"date":"2010-07-20T06:00:02","date_gmt":"2010-07-20T06:00:02","guid":{"rendered":"https:\/\/archivio.cercoiltuovolto.it\/?p=230900"},"modified":"2010-07-20T06:00:02","modified_gmt":"2010-07-20T06:00:02","slug":"viver-damore-storia-e-scritti-di-santa-teresa-di-gesu-bambino-3","status":"publish","type":"post","link":"https:\/\/archivio.cercoiltuovolto.it\/?p=230900","title":{"rendered":"Viver d&#8217;amore, storia e scritti di Santa Teresa di Ges\u00f9 Bambino (3)"},"content":{"rendered":"<h2>Terza Puntata<\/h2>\n<p style=\"text-align: justify;\">Quattro incontri dedicati alla grande santa francese, <em><strong>Dottore della Chiesa e Patrona delle missioni<\/strong><\/em>, che conosceremo soprattutto attraverso i suoi scritti, introdotti dal Padre Roberto Fornara, ocd, e affidati alla voce di Cristina Del Sordo.<\/p>\n<blockquote>\n<p style=\"text-align: justify;\">&#8220;Aprendo il santo vangelo, il mio sguardo \u00e8 caduto su queste parole: \u201cGes\u00f9 sal\u00ec sul monte, chiam\u00f2 a s\u00e9 quelli che egli volle ed essi andarono da lui\u201d (Mc 3,13).<\/p>\n<\/blockquote>\n","protected":false},"excerpt":{"rendered":"<p>Terza Puntata Quattro incontri dedicati alla grande santa francese, Dottore della Chiesa e Patrona delle missioni, che conosceremo soprattutto attraverso i suoi scritti, introdotti dal Padre Roberto Fornara, ocd, e affidati alla voce di Cristina Del Sordo. &#8220;Aprendo il santo vangelo, il mio sguardo \u00e8 caduto su queste parole: \u201cGes\u00f9 sal\u00ec sul monte, chiam\u00f2 a&#8230;<\/p>\n","protected":false},"author":3,"featured_media":0,"comment_status":"closed","ping_status":"closed","sticky":false,"template":"","format":"standard","meta":{"_kad_post_transparent":"","_kad_post_title":"","_kad_post_layout":"","_kad_post_sidebar_id":"","_kad_post_content_style":"","_kad_post_vertical_padding":"","_kad_post_feature":"","_kad_post_feature_position":"","_kad_post_header":false,"_kad_post_footer":false,"_kad_post_classname":"","footnotes":""},"categories":[100,4],"tags":[27,91],"class_list":["post-230900","post","type-post","status-publish","format-standard","hentry","category-100","category-audio-cattolici","tag-radio-vaticana","tag-santi"],"_links":{"self":[{"href":"https:\/\/archivio.cercoiltuovolto.it\/index.php?rest_route=\/wp\/v2\/posts\/230900","targetHints":{"allow":["GET"]}}],"collection":[{"href":"https:\/\/archivio.cercoiltuovolto.it\/index.php?rest_route=\/wp\/v2\/posts"}],"about":[{"href":"https:\/\/archivio.cercoiltuovolto.it\/index.php?rest_route=\/wp\/v2\/types\/post"}],"author":[{"embeddable":true,"href":"https:\/\/archivio.cercoiltuovolto.it\/index.php?rest_route=\/wp\/v2\/users\/3"}],"replies":[{"embeddable":true,"href":"https:\/\/archivio.cercoiltuovolto.it\/index.php?rest_route=%2Fwp%2Fv2%2Fcomments&post=230900"}],"version-history":[{"count":0,"href":"https:\/\/archivio.cercoiltuovolto.it\/index.php?rest_route=\/wp\/v2\/posts\/230900\/revisions"}],"wp:attachment":[{"href":"https:\/\/archivio.cercoiltuovolto.it\/index.php?rest_route=%2Fwp%2Fv2%2Fmedia&parent=230900"}],"wp:term":[{"taxonomy":"category","embeddable":true,"href":"https:\/\/archivio.cercoiltuovolto.it\/index.php?rest_route=%2Fwp%2Fv2%2Fcategories&post=230900"},{"taxonomy":"post_tag","embeddable":true,"href":"https:\/\/archivio.cercoiltuovolto.it\/index.php?rest_route=%2Fwp%2Fv2%2Ftags&post=230900"}],"curies":[{"name":"wp","href":"https:\/\/api.w.org\/{rel}","templated":true}]}}