{"id":230880,"date":"2010-07-07T13:26:39","date_gmt":"2010-07-07T13:26:39","guid":{"rendered":"https:\/\/archivio.cercoiltuovolto.it\/?p=230880"},"modified":"2010-07-07T13:26:39","modified_gmt":"2010-07-07T13:26:39","slug":"riflessione-sul-vangelo-xv-domenica-del-t-o-11-luglio-2010","status":"publish","type":"post","link":"https:\/\/archivio.cercoiltuovolto.it\/?p=230880","title":{"rendered":"Riflessione sul Vangelo: XV domenica del T. O. &#8211; 11 luglio 2010"},"content":{"rendered":"<p style=\"text-align: justify;\">&#8220;<em>La Parola di Dio<\/em>&#8220;, canale YouTube del prolifico Don Mauro di <strong>graficapastorale.it<\/strong>, propone una riflessione sul brano del Vangelo di domenica prossima,<strong><em> Lc 10, 25-37<\/em>.<\/strong><\/p>\n<p style=\"text-align: center;\">[stream provider=youtube flv=http%3A\/\/www.youtube.com\/watch%3Fv%3Do6eU4CxDi34 img=x:\/img.youtube.com\/vi\/o6eU4CxDi34\/0.jpg embed=true share=true width=560 height=360 dock=true controlbar=over bandwidth=med autostart=false \/]<\/p>\n<blockquote style=\"text-align: justify;\">\n<p><strong><em><em>Lc 10, 25-37<\/em><br \/>\n<em>Dal Vangelo secondo\u00a0Luca<\/em><\/p>\n<p><span style=\"font-style: normal;\"><span style=\"font-weight: normal;\">In quel tempo, un dottore della Legge si alz\u00f2 per mettere alla prova Ges\u00f9 e chiese: \u00abMaestro, che cosa devo fare per ereditare la vita eterna?\u00bb. Ges\u00f9 gli disse: \u00abChe cosa sta scritto nella Legge? Come leggi?\u00bb. Costui rispose: \u00abAmerai il Signore tuo Dio con tutto il tuo cuore, con tutta la tua anima, con tutta la tua forza e con tutta la tua mente, e il tuo prossimo come te stesso\u00bb. Gli disse: \u00abHai risposto bene; fa\u2019 questo e vivrai\u00bb.<br \/>\nMa quello, volendo giustificarsi, disse a Ges\u00f9: \u00abE chi \u00e8 mio prossimo?\u00bb. Ges\u00f9 riprese: \u00abUn uomo scendeva da Gerusalemme a G\u00e8rico e cadde nelle mani dei briganti, che gli portarono via tutto, lo percossero a sangue e se ne andarono, lasciandolo mezzo morto. Per caso, un sacerdote scendeva per quella medesima strada e, quando lo vide, pass\u00f2 oltre. Anche un lev\u00ecta, giunto in quel luogo, vide e pass\u00f2 oltre. Invece un Samaritano, che era in viaggio, passandogli accanto, vide e ne ebbe compassione. Gli si fece vicino, gli fasci\u00f2 le ferite, versandovi olio e vino; poi lo caric\u00f2 sulla sua cavalcatura, lo port\u00f2 in un albergo e si prese cura di lui. Il giorno seguente, tir\u00f2 fuori due denari e li diede all\u2019albergatore, dicendo: \u201cAbbi cura di lui; ci\u00f2 che spenderai in pi\u00f9, te lo pagher\u00f2 al mio ritorno\u201d. Chi di questi tre ti sembra sia stato prossimo di colui che \u00e8 caduto nelle mani dei briganti?\u00bb. Quello rispose: \u00abChi ha avuto compassione di lui\u00bb. Ges\u00f9 gli disse: \u00abVa\u2019 e anche tu fa\u2019 cos\u00ec\u00bb.<\/span><\/span><\/p>\n<p>C: Parola del Signore.<br \/>\nA: Lode a Te o Cristo.<\/em><\/strong><\/p>\n<p><em> <\/em><\/p>\n<\/blockquote>\n","protected":false},"excerpt":{"rendered":"<p>&#8220;La Parola di Dio&#8220;, canale YouTube del prolifico Don Mauro di graficapastorale.it, propone una riflessione sul brano del Vangelo di domenica prossima, Lc 10, 25-37. [stream provider=youtube flv=http%3A\/\/www.youtube.com\/watch%3Fv%3Do6eU4CxDi34 img=x:\/img.youtube.com\/vi\/o6eU4CxDi34\/0.jpg embed=true share=true width=560 height=360 dock=true controlbar=over bandwidth=med autostart=false \/] Lc 10, 25-37 Dal Vangelo secondo\u00a0Luca In quel tempo, un dottore della Legge si alz\u00f2 per mettere&#8230;<\/p>\n","protected":false},"author":3,"featured_media":0,"comment_status":"closed","ping_status":"closed","sticky":false,"template":"","format":"standard","meta":{"_kad_post_transparent":"","_kad_post_title":"","_kad_post_layout":"","_kad_post_sidebar_id":"","_kad_post_content_style":"","_kad_post_vertical_padding":"","_kad_post_feature":"","_kad_post_feature_position":"","_kad_post_header":false,"_kad_post_footer":false,"_kad_post_classname":"","footnotes":""},"categories":[100,147],"tags":[172,113],"class_list":["post-230880","post","type-post","status-publish","format-standard","hentry","category-100","category-commento-al-vangelo","tag-vangelo-della-domenica","tag-video"],"_links":{"self":[{"href":"https:\/\/archivio.cercoiltuovolto.it\/index.php?rest_route=\/wp\/v2\/posts\/230880","targetHints":{"allow":["GET"]}}],"collection":[{"href":"https:\/\/archivio.cercoiltuovolto.it\/index.php?rest_route=\/wp\/v2\/posts"}],"about":[{"href":"https:\/\/archivio.cercoiltuovolto.it\/index.php?rest_route=\/wp\/v2\/types\/post"}],"author":[{"embeddable":true,"href":"https:\/\/archivio.cercoiltuovolto.it\/index.php?rest_route=\/wp\/v2\/users\/3"}],"replies":[{"embeddable":true,"href":"https:\/\/archivio.cercoiltuovolto.it\/index.php?rest_route=%2Fwp%2Fv2%2Fcomments&post=230880"}],"version-history":[{"count":0,"href":"https:\/\/archivio.cercoiltuovolto.it\/index.php?rest_route=\/wp\/v2\/posts\/230880\/revisions"}],"wp:attachment":[{"href":"https:\/\/archivio.cercoiltuovolto.it\/index.php?rest_route=%2Fwp%2Fv2%2Fmedia&parent=230880"}],"wp:term":[{"taxonomy":"category","embeddable":true,"href":"https:\/\/archivio.cercoiltuovolto.it\/index.php?rest_route=%2Fwp%2Fv2%2Fcategories&post=230880"},{"taxonomy":"post_tag","embeddable":true,"href":"https:\/\/archivio.cercoiltuovolto.it\/index.php?rest_route=%2Fwp%2Fv2%2Ftags&post=230880"}],"curies":[{"name":"wp","href":"https:\/\/api.w.org\/{rel}","templated":true}]}}