{"id":230878,"date":"2010-07-06T06:00:55","date_gmt":"2010-07-06T06:00:55","guid":{"rendered":"https:\/\/archivio.cercoiltuovolto.it\/?p=230878"},"modified":"2010-07-06T06:00:55","modified_gmt":"2010-07-06T06:00:55","slug":"io-sono-il-signore-dio-tuo-di-massimo-cacciari-e-piero-coda","status":"publish","type":"post","link":"https:\/\/archivio.cercoiltuovolto.it\/?p=230878","title":{"rendered":"&#8220;Io sono il Signore Dio tuo&#8221; di Massimo Cacciari e Piero Coda"},"content":{"rendered":"<p style=\"text-align: center;\"><a href=\"http:\/\/www.cercoiltuovolto.it\/\/wp-content\/uploads\/2010\/07\/io-sono-il-signore-dio-tuo.jpg\"><img loading=\"lazy\" decoding=\"async\" class=\" size-medium wp-image-12406\" title=\"io sono il signore dio tuo\" src=\"http:\/\/www.cercoiltuovolto.it\/\/wp-content\/uploads\/2010\/07\/io-sono-il-signore-dio-tuo-191x300.jpg\" alt=\"\" width=\"191\" height=\"300\" \/><\/a><\/p>\n<p style=\"text-align: justify;\">Chi \u00e8 il Dio dei monoteismi? Non certo il Dio di cui discutono atei e credenti, ma un Dio tragico e assoluto, drammatico nella sua Unit\u00e0 e apertura al mondo. \u00c8 il concetto pi\u00f9 alto: pensarlo significa affondare negli abissi del monoteismo, scorgere l&#8217;imperscrutabilit\u00e0 di questa presenza-assenza che da sempre ingombra la vita dell&#8217;uomo. Ma \u00e8 anche il Dio che irrompe nella storia con uno sguardo di Amore verso l&#8217;Uomo e si fa sorgente di libert\u00e0 e giustizia.<\/p>\n<blockquote>\n<p style=\"text-align: justify;\"><span style=\"font-weight: normal;\">La casa editrice <\/span><em><span style=\"font-weight: normal;\">Il Mulino<\/span><\/em><span style=\"font-weight: normal;\"> pubblica una serie di saggi brevi dedicati ai Comandamenti: il primo volume \u00e8 a cura di\u00a0Massimo Cacciari e Piero Coda, quest&#8217;ultimo ne parla al microfono di <a href=\"http:\/\/www.radiovaticana.org\/orc\/Articolo.asp?c=405130\" target=\"_blank\">padre Vito Magno su Radio Vaticana<\/a>.<\/span><\/p>\n<p>[powerpress]<\/p>\n<\/blockquote>\n<p class=\"acquista-paragrafo\"><a href=\"http:\/\/www.libreriadelsanto.it\/libri\/9788815137760\/io-sono-il-signore-dio-tuo.html?p=sot\" target=\"_blank\">Acquista il libro<\/a> su Libreria del Santo<\/p>\n","protected":false},"excerpt":{"rendered":"<p>Chi \u00e8 il Dio dei monoteismi? Non certo il Dio di cui discutono atei e credenti, ma un Dio tragico e assoluto, drammatico nella sua Unit\u00e0 e apertura al mondo. \u00c8 il concetto pi\u00f9 alto: pensarlo significa affondare negli abissi del monoteismo, scorgere l&#8217;imperscrutabilit\u00e0 di questa presenza-assenza che da sempre ingombra la vita dell&#8217;uomo. Ma&#8230;<\/p>\n","protected":false},"author":3,"featured_media":0,"comment_status":"closed","ping_status":"closed","sticky":false,"template":"","format":"standard","meta":{"_kad_post_transparent":"","_kad_post_title":"","_kad_post_layout":"","_kad_post_sidebar_id":"","_kad_post_content_style":"","_kad_post_vertical_padding":"","_kad_post_feature":"","_kad_post_feature_position":"","_kad_post_header":false,"_kad_post_footer":false,"_kad_post_classname":"","footnotes":""},"categories":[100,371],"tags":[17,27],"class_list":["post-230878","post","type-post","status-publish","format-standard","hentry","category-100","category-comandamenti","tag-libri","tag-radio-vaticana"],"_links":{"self":[{"href":"https:\/\/archivio.cercoiltuovolto.it\/index.php?rest_route=\/wp\/v2\/posts\/230878","targetHints":{"allow":["GET"]}}],"collection":[{"href":"https:\/\/archivio.cercoiltuovolto.it\/index.php?rest_route=\/wp\/v2\/posts"}],"about":[{"href":"https:\/\/archivio.cercoiltuovolto.it\/index.php?rest_route=\/wp\/v2\/types\/post"}],"author":[{"embeddable":true,"href":"https:\/\/archivio.cercoiltuovolto.it\/index.php?rest_route=\/wp\/v2\/users\/3"}],"replies":[{"embeddable":true,"href":"https:\/\/archivio.cercoiltuovolto.it\/index.php?rest_route=%2Fwp%2Fv2%2Fcomments&post=230878"}],"version-history":[{"count":0,"href":"https:\/\/archivio.cercoiltuovolto.it\/index.php?rest_route=\/wp\/v2\/posts\/230878\/revisions"}],"wp:attachment":[{"href":"https:\/\/archivio.cercoiltuovolto.it\/index.php?rest_route=%2Fwp%2Fv2%2Fmedia&parent=230878"}],"wp:term":[{"taxonomy":"category","embeddable":true,"href":"https:\/\/archivio.cercoiltuovolto.it\/index.php?rest_route=%2Fwp%2Fv2%2Fcategories&post=230878"},{"taxonomy":"post_tag","embeddable":true,"href":"https:\/\/archivio.cercoiltuovolto.it\/index.php?rest_route=%2Fwp%2Fv2%2Ftags&post=230878"}],"curies":[{"name":"wp","href":"https:\/\/api.w.org\/{rel}","templated":true}]}}