{"id":230874,"date":"2010-07-06T06:00:14","date_gmt":"2010-07-06T06:00:14","guid":{"rendered":"https:\/\/archivio.cercoiltuovolto.it\/?p=230874"},"modified":"2010-07-06T06:00:14","modified_gmt":"2010-07-06T06:00:14","slug":"commento-al-vangelo-del-11-luglio-2010-comunita-cattolica-ungherese","status":"publish","type":"post","link":"https:\/\/archivio.cercoiltuovolto.it\/?p=230874","title":{"rendered":"Commento al Vangelo del 11 luglio 2010 &#8211; Comunit\u00e0 cattolica ungherese"},"content":{"rendered":"<p style=\"text-align: justify;\">Commento al Vangelo di domenica prossima a cura di p. Sergio della Comunit\u00e0 cattolica italiana in Ungheria.<\/p>\n<p style=\"text-align: center;\">[stream provider=youtube flv=http%3A\/\/www.youtube.com\/watch%3Fv%3DX9M5kBtD9eo%26feature%3Dplayer_embedded img=x:\/img.youtube.com\/vi\/X9M5kBtD9eo\/0.jpg embed=true share=true width=560 height=360 dock=true controlbar=over bandwidth=med autostart=false \/]<\/p>\n<blockquote>\n<p style=\"text-align: justify;\">Lo scriba risponde alla domanda di Ges\u00f9 rinviando al comandamento dell\u2019amore di Dio e dell\u2019amore del prossimo. Le due direzioni dell\u2019amore \u2013 a Dio e al prossimo \u2013 si toccano profondamente, ma non al punto da far scomparire la differenza. La misura dell\u2019amore di Dio \u00e8 la totalit\u00e0, la misura dell\u2019amore del prossimo \u00e8 come te stesso. Anche nell\u2019amore Dio resta Dio e il prossimo resta il prossimo. Ma lo scriba non \u00e8 soddisfatto da quanto egli stesso ha detto e Ges\u00f9 ha approvato. Volendo giustificarsi, cio\u00e8 far capire che il problema \u00e8 meno semplice, lo scriba aggiunge: \u00abChi \u00e8 il mio prossimo?\u00bb. Ges\u00f9 risponde, con una parabola che allarga la domanda e persino la capovolge. (don Bruno Maggioni &#8211; <a href=\"http:\/\/marcodaviano.wordpress.com\/2010\/07\/05\/xv-domenica-to\/\" target=\"_blank\">continua a leggere sul sito della comunit\u00e0<\/a>)<\/p>\n<\/blockquote>\n","protected":false},"excerpt":{"rendered":"<p>Commento al Vangelo di domenica prossima a cura di p. Sergio della Comunit\u00e0 cattolica italiana in Ungheria. [stream provider=youtube flv=http%3A\/\/www.youtube.com\/watch%3Fv%3DX9M5kBtD9eo%26feature%3Dplayer_embedded img=x:\/img.youtube.com\/vi\/X9M5kBtD9eo\/0.jpg embed=true share=true width=560 height=360 dock=true controlbar=over bandwidth=med autostart=false \/] Lo scriba risponde alla domanda di Ges\u00f9 rinviando al comandamento dell\u2019amore di Dio e dell\u2019amore del prossimo. Le due direzioni dell\u2019amore \u2013 a Dio e&#8230;<\/p>\n","protected":false},"author":3,"featured_media":0,"comment_status":"closed","ping_status":"closed","sticky":false,"template":"","format":"standard","meta":{"_kad_post_transparent":"","_kad_post_title":"","_kad_post_layout":"","_kad_post_sidebar_id":"","_kad_post_content_style":"","_kad_post_vertical_padding":"","_kad_post_feature":"","_kad_post_feature_position":"","_kad_post_header":false,"_kad_post_footer":false,"_kad_post_classname":"","footnotes":""},"categories":[100,147],"tags":[22,172,113],"class_list":["post-230874","post","type-post","status-publish","format-standard","hentry","category-100","category-commento-al-vangelo","tag-francescani","tag-vangelo-della-domenica","tag-video"],"_links":{"self":[{"href":"https:\/\/archivio.cercoiltuovolto.it\/index.php?rest_route=\/wp\/v2\/posts\/230874","targetHints":{"allow":["GET"]}}],"collection":[{"href":"https:\/\/archivio.cercoiltuovolto.it\/index.php?rest_route=\/wp\/v2\/posts"}],"about":[{"href":"https:\/\/archivio.cercoiltuovolto.it\/index.php?rest_route=\/wp\/v2\/types\/post"}],"author":[{"embeddable":true,"href":"https:\/\/archivio.cercoiltuovolto.it\/index.php?rest_route=\/wp\/v2\/users\/3"}],"replies":[{"embeddable":true,"href":"https:\/\/archivio.cercoiltuovolto.it\/index.php?rest_route=%2Fwp%2Fv2%2Fcomments&post=230874"}],"version-history":[{"count":0,"href":"https:\/\/archivio.cercoiltuovolto.it\/index.php?rest_route=\/wp\/v2\/posts\/230874\/revisions"}],"wp:attachment":[{"href":"https:\/\/archivio.cercoiltuovolto.it\/index.php?rest_route=%2Fwp%2Fv2%2Fmedia&parent=230874"}],"wp:term":[{"taxonomy":"category","embeddable":true,"href":"https:\/\/archivio.cercoiltuovolto.it\/index.php?rest_route=%2Fwp%2Fv2%2Fcategories&post=230874"},{"taxonomy":"post_tag","embeddable":true,"href":"https:\/\/archivio.cercoiltuovolto.it\/index.php?rest_route=%2Fwp%2Fv2%2Ftags&post=230874"}],"curies":[{"name":"wp","href":"https:\/\/api.w.org\/{rel}","templated":true}]}}