{"id":230845,"date":"2010-06-28T08:47:04","date_gmt":"2010-06-28T08:47:04","guid":{"rendered":"https:\/\/archivio.cercoiltuovolto.it\/?p=230845"},"modified":"2010-06-28T08:47:04","modified_gmt":"2010-06-28T08:47:04","slug":"angelus-del-27-giugno-2010-in-mp3","status":"publish","type":"post","link":"https:\/\/archivio.cercoiltuovolto.it\/?p=230845","title":{"rendered":"Angelus del 27 giugno 2010 in mp3"},"content":{"rendered":"<p style=\"text-align: justify;\"><em>Cari fratelli e sorelle!<\/em><br \/>\n Le letture bibliche della santa Messa di questa domenica mi danno l\u2019opportunit\u00e0 di riprendere il tema della chiamata di Cristo e delle sue esigenze, tema sul quale mi sono soffermato anche una settimana fa, in occasione delle Ordinazioni dei nuovi presbiteri della Diocesi di Roma. In effetti, chi ha la fortuna di conoscere un giovane o una ragazza che lascia la famiglia di origine, gli studi o il lavoro per consacrarsi a Dio, sa bene di che cosa si tratta, perch\u00e9 ha davanti un esempio vivente di risposta radicale alla vocazione divina. E\u2019 questa una delle esperienze pi\u00f9 belle che si fanno nella Chiesa: vedere, toccare con mano l\u2019azione del Signore nella vita delle persone; sperimentare che Dio non \u00e8 un\u2019entit\u00e0 astratta, ma una Realt\u00e0 cos\u00ec grande e forte da riempire in modo sovrabbondante il cuore dell\u2019uomo, una Persona vivente e vicina, che ci ama e chiede di essere amata.<\/p>\n<p>[<a href=\"http:\/\/www.vatican.va\/holy_father\/benedict_xvi\/angelus\/2010\/documents\/hf_ben-xvi_ang_20100627_it.html\" target=\"_blank\">Leggi tutto il messaggio<\/a>] <em>\u00a9 Copyright 2010 &#8211; Libreria  Editrice Vaticana<\/em><\/p>\n<div class=\"powerpressbox\">[powerpress]<\/div>\n<p style=\"text-align: justify;\"><img loading=\"lazy\" decoding=\"async\" style=\"vertical-align: middle; border: 0px none currentColor;\" title=\"Link\" src=\"http:\/\/www.cercoiltuovolto.it\/\/images\/web.png\" alt=\"Link\" width=\"24\" height=\"24\" \/> <strong>Fonte<\/strong>: Radio Vaticana via FeedRss<a href=\"https:\/\/www.photo.va\/\" target=\"_blank\"><br \/>\n <\/a><span style=\"font-size: xx-small;\"><em>(The content of this podcast is copyrighted by Vatican Radio which, according to  its statute, is entrusted to manage and protect the sound recordings of the  Roman Pontiff, ensuring that their pastoral character and intellectual  property&#8217;s rights are protected when used by third parties. The content of this  podcast is made available only for personal and private use and cannot be  exploited for commercial purposes, without prior written authorization by  Vatican Radio. For further information, please contact the International  Relation Office at relint@vatiradio.va)<\/em><\/span><\/p>\n","protected":false},"excerpt":{"rendered":"<p>Cari fratelli e sorelle! Le letture bibliche della santa Messa di questa domenica mi danno l\u2019opportunit\u00e0 di riprendere il tema della chiamata di Cristo e delle sue esigenze, tema sul quale mi sono soffermato anche una settimana fa, in occasione delle Ordinazioni dei nuovi presbiteri della Diocesi di Roma. In effetti, chi ha la fortuna&#8230;<\/p>\n","protected":false},"author":3,"featured_media":0,"comment_status":"closed","ping_status":"closed","sticky":false,"template":"","format":"standard","meta":{"_kad_post_transparent":"","_kad_post_title":"","_kad_post_layout":"","_kad_post_sidebar_id":"","_kad_post_content_style":"","_kad_post_vertical_padding":"","_kad_post_feature":"","_kad_post_feature_position":"","_kad_post_header":false,"_kad_post_footer":false,"_kad_post_classname":"","footnotes":""},"categories":[100,114],"tags":[115,73],"class_list":["post-230845","post","type-post","status-publish","format-standard","hentry","category-100","category-angelus","tag-audio","tag-benedetto-xvi"],"_links":{"self":[{"href":"https:\/\/archivio.cercoiltuovolto.it\/index.php?rest_route=\/wp\/v2\/posts\/230845","targetHints":{"allow":["GET"]}}],"collection":[{"href":"https:\/\/archivio.cercoiltuovolto.it\/index.php?rest_route=\/wp\/v2\/posts"}],"about":[{"href":"https:\/\/archivio.cercoiltuovolto.it\/index.php?rest_route=\/wp\/v2\/types\/post"}],"author":[{"embeddable":true,"href":"https:\/\/archivio.cercoiltuovolto.it\/index.php?rest_route=\/wp\/v2\/users\/3"}],"replies":[{"embeddable":true,"href":"https:\/\/archivio.cercoiltuovolto.it\/index.php?rest_route=%2Fwp%2Fv2%2Fcomments&post=230845"}],"version-history":[{"count":0,"href":"https:\/\/archivio.cercoiltuovolto.it\/index.php?rest_route=\/wp\/v2\/posts\/230845\/revisions"}],"wp:attachment":[{"href":"https:\/\/archivio.cercoiltuovolto.it\/index.php?rest_route=%2Fwp%2Fv2%2Fmedia&parent=230845"}],"wp:term":[{"taxonomy":"category","embeddable":true,"href":"https:\/\/archivio.cercoiltuovolto.it\/index.php?rest_route=%2Fwp%2Fv2%2Fcategories&post=230845"},{"taxonomy":"post_tag","embeddable":true,"href":"https:\/\/archivio.cercoiltuovolto.it\/index.php?rest_route=%2Fwp%2Fv2%2Ftags&post=230845"}],"curies":[{"name":"wp","href":"https:\/\/api.w.org\/{rel}","templated":true}]}}