{"id":230818,"date":"2010-06-20T18:00:59","date_gmt":"2010-06-20T18:00:59","guid":{"rendered":"https:\/\/archivio.cercoiltuovolto.it\/?p=230818"},"modified":"2010-06-20T18:00:59","modified_gmt":"2010-06-20T18:00:59","slug":"commento-al-vangelo-di-domenica-27-giugno-2010-alberto-maggi","status":"publish","type":"post","link":"https:\/\/archivio.cercoiltuovolto.it\/?p=230818","title":{"rendered":"Commento al Vangelo di domenica 27 giugno 2010 &#8211; Alberto Maggi"},"content":{"rendered":"<p style=\"text-align: justify;\">Padre Alberto Maggi commenta il Vangelo della XIII Domenica del Tempo Ordinario &#8211; Anno C (www.studibiblici.it)<\/p>\n<p style=\"text-align: center;\">[stream provider=youtube flv=http%3A\/\/www.youtube.com\/watch%3Fv%3DNMhc2HkPiU0%26feature%3Dyoutube_gdata img=x:\/img.youtube.com\/vi\/NMhc2HkPiU0\/0.jpg embed=true share=true width=560 height=360 dock=true controlbar=over bandwidth=med autostart=false \/]<\/p>\n<p style=\"text-align: justify;\"><strong>Lc 9, 51-62 Dal Vangelo secondo Luca<\/strong><\/p>\n<p style=\"text-align: justify;\">\u2021 Mentre stavano compiendosi i giorni in cui sarebbe stato tolto dal mondo, egli si diresse decisamente verso Gerusalemme e mand\u00f2 avanti dei messaggeri. Questi si incamminarono ed entrarono in un villaggio di Samaritani per fare i preparativi per lui. Ma essi non vollero riceverlo, perch\u00e9 era diretto verso Gerusalemme.<\/p>\n<p style=\"text-align: justify;\">Quando videro ci\u00f2, i discepoli Giacomo e Giovanni dissero: \u00abSignore, vuoi che diciamo che scenda un fuoco dal cielo e li consumi?\u00bb. Ma Ges\u00f9 si volt\u00f2 e li rimprover\u00f2. E si avviarono verso un altro villaggio.<\/p>\n<p style=\"text-align: justify;\">Mentre andavano per la strada, un tale gli disse: \u00abTi seguir\u00f2 dovunque tu vada\u00bb. Ges\u00f9 gli rispose: \u00abLe volpi hanno le loro tane e gli uccelli del cielo i loro nidi, ma il Figlio dell\u2019uomo non ha dove posare il capo\u00bb.<\/p>\n<p style=\"text-align: justify;\">A un altro disse: \u00abSeguimi\u00bb. E costui rispose: \u00abSignore, concedimi di andare a seppellire prima mio padre\u00bb. Ges\u00f9 replic\u00f2: \u00abLascia che i morti seppelliscano i loro morti; tu v\u00e0 e annunzia il regno di Dio\u00bb.<\/p>\n<p style=\"text-align: justify;\">Un altro disse: \u00abTi seguir\u00f2, Signore, ma prima lascia che io mi congedi da quelli di casa\u00bb. Ma Ges\u00f9 gli rispose: \u00abNessuno che ha messo mano all\u2019aratro e poi si volge indietro, \u00e8 adatto per il regno di Dio\u00bb.<\/p>\n<p style=\"text-align: justify;\">C: Parola del Signore.<\/p>\n<p style=\"text-align: justify;\">A: Lode a Te o Cristo.<\/p>\n","protected":false},"excerpt":{"rendered":"<p>Padre Alberto Maggi commenta il Vangelo della XIII Domenica del Tempo Ordinario &#8211; Anno C (www.studibiblici.it) [stream provider=youtube flv=http%3A\/\/www.youtube.com\/watch%3Fv%3DNMhc2HkPiU0%26feature%3Dyoutube_gdata img=x:\/img.youtube.com\/vi\/NMhc2HkPiU0\/0.jpg embed=true share=true width=560 height=360 dock=true controlbar=over bandwidth=med autostart=false \/] Lc 9, 51-62 Dal Vangelo secondo Luca \u2021 Mentre stavano compiendosi i giorni in cui sarebbe stato tolto dal mondo, egli si diresse decisamente verso Gerusalemme&#8230;<\/p>\n","protected":false},"author":3,"featured_media":0,"comment_status":"closed","ping_status":"closed","sticky":false,"template":"","format":"standard","meta":{"_kad_post_transparent":"","_kad_post_title":"","_kad_post_layout":"","_kad_post_sidebar_id":"","_kad_post_content_style":"","_kad_post_vertical_padding":"","_kad_post_feature":"","_kad_post_feature_position":"","_kad_post_header":false,"_kad_post_footer":false,"_kad_post_classname":"","footnotes":""},"categories":[100,217],"tags":[5,172],"class_list":["post-230818","post","type-post","status-publish","format-standard","hentry","category-100","category-alberto-maggi","tag-commento-al-vangelo","tag-vangelo-della-domenica"],"_links":{"self":[{"href":"https:\/\/archivio.cercoiltuovolto.it\/index.php?rest_route=\/wp\/v2\/posts\/230818","targetHints":{"allow":["GET"]}}],"collection":[{"href":"https:\/\/archivio.cercoiltuovolto.it\/index.php?rest_route=\/wp\/v2\/posts"}],"about":[{"href":"https:\/\/archivio.cercoiltuovolto.it\/index.php?rest_route=\/wp\/v2\/types\/post"}],"author":[{"embeddable":true,"href":"https:\/\/archivio.cercoiltuovolto.it\/index.php?rest_route=\/wp\/v2\/users\/3"}],"replies":[{"embeddable":true,"href":"https:\/\/archivio.cercoiltuovolto.it\/index.php?rest_route=%2Fwp%2Fv2%2Fcomments&post=230818"}],"version-history":[{"count":0,"href":"https:\/\/archivio.cercoiltuovolto.it\/index.php?rest_route=\/wp\/v2\/posts\/230818\/revisions"}],"wp:attachment":[{"href":"https:\/\/archivio.cercoiltuovolto.it\/index.php?rest_route=%2Fwp%2Fv2%2Fmedia&parent=230818"}],"wp:term":[{"taxonomy":"category","embeddable":true,"href":"https:\/\/archivio.cercoiltuovolto.it\/index.php?rest_route=%2Fwp%2Fv2%2Fcategories&post=230818"},{"taxonomy":"post_tag","embeddable":true,"href":"https:\/\/archivio.cercoiltuovolto.it\/index.php?rest_route=%2Fwp%2Fv2%2Ftags&post=230818"}],"curies":[{"name":"wp","href":"https:\/\/api.w.org\/{rel}","templated":true}]}}