{"id":230817,"date":"2010-06-18T07:50:00","date_gmt":"2010-06-18T07:50:00","guid":{"rendered":"https:\/\/archivio.cercoiltuovolto.it\/?p=230817"},"modified":"2010-06-18T07:50:00","modified_gmt":"2010-06-18T07:50:00","slug":"la-madonna-in-michelangelo-di-padre-stefano-de-fiores","status":"publish","type":"post","link":"https:\/\/archivio.cercoiltuovolto.it\/?p=230817","title":{"rendered":"&#8220;La Madonna in Michelangelo&#8221; di Padre Stefano De Fiores"},"content":{"rendered":"<p style=\"text-align: justify;\"><a href=\"http:\/\/www.cercoiltuovolto.it\/\/wp-content\/uploads\/2010\/06\/la-Madonna-in-Michelangelo-1.png\"><img loading=\"lazy\" decoding=\"async\" class=\"alignleft size-full wp-image-12231\" title=\"la Madonna in Michelangelo\" src=\"http:\/\/www.cercoiltuovolto.it\/\/wp-content\/uploads\/2010\/06\/la-Madonna-in-Michelangelo-1.png\" alt=\"\" width=\"154\" height=\"212\" \/><\/a>Questo volume si inserisce nella nuova collana della L.E.V. dedicata al rapporto tra arte e religione e prende in esame la ricca e variegata mariologia michelangiolesca. In particolare l&#8217;Autore (di cui si allega una breve scheda) analizza l&#8217;arte del Buonarroti secondo un&#8217;interpretazione inconsueta e profondamente rivelatrice della genuina devozione alla Vergine da parte dell&#8217;artista toscano, capace di cogliere con le sue raffigurazioni i tratti distintivi della Madonna, dalla tenerezza alla discrezione, dallo stupore all&#8217;infinita piet\u00e0 con cui si \u00e8 affidata al misterioso piano divino. Lo studio si estende inoltre a tutto l&#8217;universo femminile che Michelangelo raffigura nella Sistina, analizzando come la Chiamata di Maria si colloca a compimento di un percorso storico nel quale la donna ha svolto, e svolge, un ruolo primario e insostituibile. Tre personaggi del panorama culturale e artistico si sono fatti garanti della seriet\u00e0 e dell&#8217;assoluto valore dell&#8217;opera di De Fiores: il direttore generale del Ministero dei beni culturali Dott. Maurizio Fallace, il Prof. Antonio Paolucci, Direttore dei Musei Vaticani, e infine S.E. Gianfranco Ravasi, Presidente del Pontificio Consiglio per la cultura. Si raccomanda a docenti e studiosi di storia dell&#8217;arte, e di teologia, e a quanti, credenti e non, vogliano meditare sulla Madonna attraverso l&#8217;arte. Stefano De Fiores \u00e8 considerato uno dei rappresentanti pi\u00f9 qualificati di mariologia contemporanea. Ordinario emerito di Mariologia Sistematica alla Pontificia Universit\u00e0 Gregoriana, insegna varie discipline mariologiche alla Pontificia Facolt\u00e0 Teologica Marianum. Ha al suo attivo numerose opere mariologiche e l&#8217;organizzazione di diversi convegni mariani nazionali e colloqui internazionali di mariologia. \u00c8 socio fondatore e presidente dell&#8217;Associazione mariologica interdisciplinare italiana. La Madonna in Michelangelo \u00e8 la prima opera che pubblica con la Libreria Editrice Vaticana.<\/p>\n<blockquote>\n<h3>Ascolta l&#8217;intervento dell&#8217;autore a <a href=\"http:\/\/www.radiovaticana.org\/orc\/Articolo.asp?c=401457\" target=\"_blank\">Radio Vaticana<\/a><\/h3>\n<p>[powerpress]<\/p>\n<\/blockquote>\n<p class=\"acquista-paragrafo\"><a href=\"http:\/\/www.libreriadelsanto.it\/libri\/9788820984014\/la--madonna-in-michelangelo.html?p=sot\" target=\"_blank\">Acquista il libro<\/a> su Libreria del Santo<\/p>\n","protected":false},"excerpt":{"rendered":"<p>Questo volume si inserisce nella nuova collana della L.E.V. dedicata al rapporto tra arte e religione e prende in esame la ricca e variegata mariologia michelangiolesca. In particolare l&#8217;Autore (di cui si allega una breve scheda) analizza l&#8217;arte del Buonarroti secondo un&#8217;interpretazione inconsueta e profondamente rivelatrice della genuina devozione alla Vergine da parte dell&#8217;artista toscano,&#8230;<\/p>\n","protected":false},"author":3,"featured_media":0,"comment_status":"closed","ping_status":"closed","sticky":false,"template":"","format":"standard","meta":{"_kad_post_transparent":"","_kad_post_title":"","_kad_post_layout":"","_kad_post_sidebar_id":"","_kad_post_content_style":"","_kad_post_vertical_padding":"","_kad_post_feature":"","_kad_post_feature_position":"","_kad_post_header":false,"_kad_post_footer":false,"_kad_post_classname":"","footnotes":""},"categories":[100,3],"tags":[17,370,195],"class_list":["post-230817","post","type-post","status-publish","format-standard","hentry","category-100","category-libri","tag-libri","tag-madonna","tag-maria"],"_links":{"self":[{"href":"https:\/\/archivio.cercoiltuovolto.it\/index.php?rest_route=\/wp\/v2\/posts\/230817","targetHints":{"allow":["GET"]}}],"collection":[{"href":"https:\/\/archivio.cercoiltuovolto.it\/index.php?rest_route=\/wp\/v2\/posts"}],"about":[{"href":"https:\/\/archivio.cercoiltuovolto.it\/index.php?rest_route=\/wp\/v2\/types\/post"}],"author":[{"embeddable":true,"href":"https:\/\/archivio.cercoiltuovolto.it\/index.php?rest_route=\/wp\/v2\/users\/3"}],"replies":[{"embeddable":true,"href":"https:\/\/archivio.cercoiltuovolto.it\/index.php?rest_route=%2Fwp%2Fv2%2Fcomments&post=230817"}],"version-history":[{"count":0,"href":"https:\/\/archivio.cercoiltuovolto.it\/index.php?rest_route=\/wp\/v2\/posts\/230817\/revisions"}],"wp:attachment":[{"href":"https:\/\/archivio.cercoiltuovolto.it\/index.php?rest_route=%2Fwp%2Fv2%2Fmedia&parent=230817"}],"wp:term":[{"taxonomy":"category","embeddable":true,"href":"https:\/\/archivio.cercoiltuovolto.it\/index.php?rest_route=%2Fwp%2Fv2%2Fcategories&post=230817"},{"taxonomy":"post_tag","embeddable":true,"href":"https:\/\/archivio.cercoiltuovolto.it\/index.php?rest_route=%2Fwp%2Fv2%2Ftags&post=230817"}],"curies":[{"name":"wp","href":"https:\/\/api.w.org\/{rel}","templated":true}]}}