{"id":230807,"date":"2010-06-17T06:00:44","date_gmt":"2010-06-17T06:00:44","guid":{"rendered":"https:\/\/archivio.cercoiltuovolto.it\/?p=230807"},"modified":"2010-06-17T06:00:44","modified_gmt":"2010-06-17T06:00:44","slug":"le-donne-di-wojtyla-da-mamma-emilia-a-madre-teresa","status":"publish","type":"post","link":"https:\/\/archivio.cercoiltuovolto.it\/?p=230807","title":{"rendered":"Le donne di Wojtyla. Da mamma Emilia a madre Teresa"},"content":{"rendered":"<p style=\"text-align: justify;\"><a href=\"http:\/\/www.cercoiltuovolto.it\/\/wp-content\/uploads\/2010\/06\/Le-donne-di-Wojtyla.jpg\"><img loading=\"lazy\" decoding=\"async\" class=\"alignleft size-thumbnail wp-image-12195\" title=\"Le donne di Wojtyla\" src=\"http:\/\/www.cercoiltuovolto.it\/\/wp-content\/uploads\/2010\/06\/Le-donne-di-Wojtyla-150x150.jpg\" alt=\"\" width=\"150\" height=\"150\" \/><\/a>Che cosa ha detto delle donne e alle donne? Che tipo di relazioni instaurava con esse? Perch\u00e9 ha scritto &#8211; la prima volta nella storia della Chiesa un&#8217;enciclica sulla dignit\u00e0 della donna, parlando del &#8220;genio femminile&#8221;? Quanto hanno plasmato e addolcito la sua vigorosa personalit\u00e0 gli incontri provvidenziali con le figure di donne che hanno costellato la sua vita? Questo libro, scritto da una donna, si inoltra in punta di piedi nel mondo femminile di Karol Wojtyla, rivelando il volto di un uomo che ha sempre saputo coltivare dentro di s\u00e9 una intensa e limpida attenzione nei confronti dell&#8217;altra met\u00e0 del cielo.<\/p>\n<blockquote>\n<h3>Ascolta l&#8217;intervista fatta all&#8217;autrice da Alessandra de Gaetano (per Radio Vaticana)<\/h3>\n<p>[powerpress]<\/p>\n<\/blockquote>\n<p class=\"acquista-paragrafo\"><a href=\"http:\/\/www.libreriadelsanto.it\/libri\/9788851407360\/le-donne-di-wojtyla-da-mamma-emilia-a-madre-teresa.html?p=sot\" target=\"_blank\">Acquista il libro<\/a> su Libreria del Santo<\/p>\n","protected":false},"excerpt":{"rendered":"<p>Che cosa ha detto delle donne e alle donne? Che tipo di relazioni instaurava con esse? Perch\u00e9 ha scritto &#8211; la prima volta nella storia della Chiesa un&#8217;enciclica sulla dignit\u00e0 della donna, parlando del &#8220;genio femminile&#8221;? Quanto hanno plasmato e addolcito la sua vigorosa personalit\u00e0 gli incontri provvidenziali con le figure di donne che hanno&#8230;<\/p>\n","protected":false},"author":3,"featured_media":0,"comment_status":"closed","ping_status":"closed","sticky":false,"template":"","format":"standard","meta":{"_kad_post_transparent":"","_kad_post_title":"","_kad_post_layout":"","_kad_post_sidebar_id":"","_kad_post_content_style":"","_kad_post_vertical_padding":"","_kad_post_feature":"","_kad_post_feature_position":"","_kad_post_header":false,"_kad_post_footer":false,"_kad_post_classname":"","footnotes":""},"categories":[100,120],"tags":[17],"class_list":["post-230807","post","type-post","status-publish","format-standard","hentry","category-100","category-giovanni-paolo-ii","tag-libri"],"_links":{"self":[{"href":"https:\/\/archivio.cercoiltuovolto.it\/index.php?rest_route=\/wp\/v2\/posts\/230807","targetHints":{"allow":["GET"]}}],"collection":[{"href":"https:\/\/archivio.cercoiltuovolto.it\/index.php?rest_route=\/wp\/v2\/posts"}],"about":[{"href":"https:\/\/archivio.cercoiltuovolto.it\/index.php?rest_route=\/wp\/v2\/types\/post"}],"author":[{"embeddable":true,"href":"https:\/\/archivio.cercoiltuovolto.it\/index.php?rest_route=\/wp\/v2\/users\/3"}],"replies":[{"embeddable":true,"href":"https:\/\/archivio.cercoiltuovolto.it\/index.php?rest_route=%2Fwp%2Fv2%2Fcomments&post=230807"}],"version-history":[{"count":0,"href":"https:\/\/archivio.cercoiltuovolto.it\/index.php?rest_route=\/wp\/v2\/posts\/230807\/revisions"}],"wp:attachment":[{"href":"https:\/\/archivio.cercoiltuovolto.it\/index.php?rest_route=%2Fwp%2Fv2%2Fmedia&parent=230807"}],"wp:term":[{"taxonomy":"category","embeddable":true,"href":"https:\/\/archivio.cercoiltuovolto.it\/index.php?rest_route=%2Fwp%2Fv2%2Fcategories&post=230807"},{"taxonomy":"post_tag","embeddable":true,"href":"https:\/\/archivio.cercoiltuovolto.it\/index.php?rest_route=%2Fwp%2Fv2%2Ftags&post=230807"}],"curies":[{"name":"wp","href":"https:\/\/api.w.org\/{rel}","templated":true}]}}