{"id":230795,"date":"2010-06-14T06:53:56","date_gmt":"2010-06-14T06:53:56","guid":{"rendered":"https:\/\/archivio.cercoiltuovolto.it\/?p=230795"},"modified":"2010-06-14T06:53:56","modified_gmt":"2010-06-14T06:53:56","slug":"commento-al-vangelo-del-20-giugno-2010-comunita-cattolica-ungherese","status":"publish","type":"post","link":"https:\/\/archivio.cercoiltuovolto.it\/?p=230795","title":{"rendered":"Commento al Vangelo del 20 giugno 2010 &#8211; Comunit\u00e0 cattolica ungherese"},"content":{"rendered":"<p style=\"text-align: center;\"><a href=\"http:\/\/www.cercoiltuovolto.it\/\/wp-content\/uploads\/2010\/06\/Lc-9-18-24.jpg\"><img loading=\"lazy\" decoding=\"async\" class=\"size-full wp-image-12164 alignnone\" title=\"Lc 9, 18-24\" src=\"http:\/\/www.cercoiltuovolto.it\/\/wp-content\/uploads\/2010\/06\/Lc-9-18-24.jpg\" alt=\"\" width=\"560\" height=\"417\" \/><\/a><\/p>\n<p style=\"text-align: justify;\">Commento al Vangelo di domenica prossima (<strong>XII del tempo ordinario<\/strong>) a cura di p. Sergio della Comunit\u00e0 cattolica italiana in Ungheria.<\/p>\n<blockquote>\n<p style=\"text-align: justify;\"><strong>Lc 9, 18-24<br \/>\n Dal Vangelo secondo Luca<\/strong><\/p>\n<p>Un giorno Ges\u00f9 si trovava in un luogo solitario a pregare. I discepoli erano con lui ed egli pose loro questa domanda: \u00abLe folle, chi dicono che io sia?\u00bb. Essi risposero: \u00abGiovanni il Battista; altri dicono El\u00eca; altri uno degli antichi profeti che \u00e8 risorto\u00bb.<br \/>\n Allora domand\u00f2 loro: \u00abMa voi, chi dite che io sia?\u00bb. Pietro rispose: \u00abIl Cristo di Dio\u00bb.<br \/>\n Egli ordin\u00f2 loro severamente di non riferirlo ad alcuno. \u00abIl Figlio dell\u2019uomo \u2013 disse \u2013 deve soffrire molto, essere rifiutato dagli anziani, dai capi dei sacerdoti e dagli scribi, venire ucciso e risorgere il terzo giorno\u00bb.<br \/>\n Poi, a tutti, diceva: \u00abSe qualcuno vuole venire dietro a me, rinneghi se stesso, prenda la sua croce ogni giorno e mi segua. Chi vuole salvare la propria vita, la perder\u00e0, ma chi perder\u00e0 la propria vita per causa mia, la salver\u00e0\u00bb.<\/p>\n<p>C: Parola del Signore.<br \/>\n A: Lode a Te o Cristo.<\/p>\n<\/blockquote>\n<p style=\"text-align: center;\">[stream provider=youtube flv=http%3A\/\/www.youtube.com\/watch%3Fv%3D2nhQqQCkUfg%26feature%3Dyoutube_gdata img=x:\/img.youtube.com\/vi\/2nhQqQCkUfg\/0.jpg embed=true share=true width=560 height=360 dock=true controlbar=over bandwidth=med autostart=false \/]<\/p>\n","protected":false},"excerpt":{"rendered":"<p>Commento al Vangelo di domenica prossima (XII del tempo ordinario) a cura di p. Sergio della Comunit\u00e0 cattolica italiana in Ungheria. Lc 9, 18-24 Dal Vangelo secondo Luca Un giorno Ges\u00f9 si trovava in un luogo solitario a pregare. I discepoli erano con lui ed egli pose loro questa domanda: \u00abLe folle, chi dicono che&#8230;<\/p>\n","protected":false},"author":3,"featured_media":0,"comment_status":"closed","ping_status":"closed","sticky":false,"template":"","format":"standard","meta":{"_kad_post_transparent":"","_kad_post_title":"","_kad_post_layout":"","_kad_post_sidebar_id":"","_kad_post_content_style":"","_kad_post_vertical_padding":"","_kad_post_feature":"","_kad_post_feature_position":"","_kad_post_header":false,"_kad_post_footer":false,"_kad_post_classname":"","footnotes":""},"categories":[100,147],"tags":[22,172,113],"class_list":["post-230795","post","type-post","status-publish","format-standard","hentry","category-100","category-commento-al-vangelo","tag-francescani","tag-vangelo-della-domenica","tag-video"],"_links":{"self":[{"href":"https:\/\/archivio.cercoiltuovolto.it\/index.php?rest_route=\/wp\/v2\/posts\/230795","targetHints":{"allow":["GET"]}}],"collection":[{"href":"https:\/\/archivio.cercoiltuovolto.it\/index.php?rest_route=\/wp\/v2\/posts"}],"about":[{"href":"https:\/\/archivio.cercoiltuovolto.it\/index.php?rest_route=\/wp\/v2\/types\/post"}],"author":[{"embeddable":true,"href":"https:\/\/archivio.cercoiltuovolto.it\/index.php?rest_route=\/wp\/v2\/users\/3"}],"replies":[{"embeddable":true,"href":"https:\/\/archivio.cercoiltuovolto.it\/index.php?rest_route=%2Fwp%2Fv2%2Fcomments&post=230795"}],"version-history":[{"count":0,"href":"https:\/\/archivio.cercoiltuovolto.it\/index.php?rest_route=\/wp\/v2\/posts\/230795\/revisions"}],"wp:attachment":[{"href":"https:\/\/archivio.cercoiltuovolto.it\/index.php?rest_route=%2Fwp%2Fv2%2Fmedia&parent=230795"}],"wp:term":[{"taxonomy":"category","embeddable":true,"href":"https:\/\/archivio.cercoiltuovolto.it\/index.php?rest_route=%2Fwp%2Fv2%2Fcategories&post=230795"},{"taxonomy":"post_tag","embeddable":true,"href":"https:\/\/archivio.cercoiltuovolto.it\/index.php?rest_route=%2Fwp%2Fv2%2Ftags&post=230795"}],"curies":[{"name":"wp","href":"https:\/\/api.w.org\/{rel}","templated":true}]}}