{"id":230794,"date":"2010-06-14T06:51:12","date_gmt":"2010-06-14T06:51:12","guid":{"rendered":"https:\/\/archivio.cercoiltuovolto.it\/?p=230794"},"modified":"2010-06-14T06:51:12","modified_gmt":"2010-06-14T06:51:12","slug":"angelus-del-13-giugno-2010-in-mp3","status":"publish","type":"post","link":"https:\/\/archivio.cercoiltuovolto.it\/?p=230794","title":{"rendered":"Angelus del 13 giugno 2010 in mp3"},"content":{"rendered":"<p style=\"text-align: justify;\">Cari fratelli e sorelle!<\/p>\n<p style=\"text-align: justify;\">Si \u00e8 concluso nei giorni scorsi l\u2019Anno Sacerdotale. Qui a Roma abbiamo vissuto giornate indimenticabili, con la presenza di oltre quindicimila sacerdoti di ogni parte del mondo. Perci\u00f2, oggi desidero rendere grazie a Dio per tutti i benefici che da questo Anno sono venuti alla Chiesa universale. Nessuno potr\u00e0 mai misurarli, ma certamente se ne vedono e ancor pi\u00f9 se ne vedranno i frutti.<\/p>\n<p style=\"text-align: justify;\">L\u2019Anno Sacerdotale si \u00e8 concluso nella solennit\u00e0 del Sacro Cuore di Ges\u00f9, che tradizionalmente \u00e8 la \u201cgiornata di santificazione sacerdotale\u201d; questa volta lo \u00e8 stata in modo del tutto speciale. In effetti, cari amici, il sacerdote \u00e8 un dono del Cuore di Cristo: un dono per la Chiesa e per il mondo. Dal Cuore del Figlio di Dio, traboccante di carit\u00e0, scaturiscono tutti i beni della Chiesa, e in modo particolare trae origine la vocazione di quegli uomini che, conquistati dal Signore Ges\u00f9, lasciano tutto per dedicarsi interamente al servizio del popolo cristiano, sull\u2019esempio del Buon Pastore. Il sacerdote \u00e8 plasmato dalla stessa carit\u00e0 di Cristo, quell\u2019amore che spinse Lui a dare la vita per i suoi amici e anche a perdonare i suoi nemici. Per questo i sacerdoti sono i primi operai della civilt\u00e0 dell\u2019amore. E qui penso a tante figure di preti, noti e meno noti, alcuni elevati all\u2019onore degli altari, altri il cui ricordo rimane indelebile nei fedeli, magari in una piccola comunit\u00e0 parrocchiale. Come \u00e8 accaduto ad Ars, il villaggio della Francia dove svolse il suo ministero san Giovanni Maria Vianney. Non c\u2019\u00e8 bisogno di aggiungere parole a quanto \u00e8 stato detto su di lui nei mesi scorsi. Ma la sua intercessione ci deve accompagnare ancora di pi\u00f9 da ora in avanti. La sua preghiera, il suo \u201cAtto di amore\u201d che tante volte abbiamo recitato durante questo Anno Sacerdotale, continui ad alimentare il nostro colloquio con Dio.<\/p>\n<p>[<a href=\"http:\/\/www.vatican.va\/holy_father\/benedict_xvi\/angelus\/2010\/documents\/hf_ben-xvi_ang_20100613_it.html\">Leggi tutto il messaggio<\/a>] <em>\u00a9 Copyright 2010 &#8211; Libreria  Editrice Vaticana<\/em><\/p>\n<div class=\"powerpressbox\">[powerpress]<\/div>\n<p style=\"text-align: justify;\"><img loading=\"lazy\" decoding=\"async\" style=\"vertical-align: middle; border: 0px none currentColor;\" title=\"Link\" src=\"http:\/\/www.cercoiltuovolto.it\/\/images\/web.png\" alt=\"Link\" width=\"24\" height=\"24\" \/> <strong>Fonte<\/strong>: Radio Vaticana via FeedRss<a href=\"https:\/\/www.photo.va\/\" target=\"_blank\"><br \/>\n <\/a><span style=\"font-size: xx-small;\"><em>(The content of this podcast is copyrighted by Vatican Radio which, according to  its statute, is entrusted to manage and protect the sound recordings of the  Roman Pontiff, ensuring that their pastoral character and intellectual  property&#8217;s rights are protected when used by third parties. The content of this  podcast is made available only for personal and private use and cannot be  exploited for commercial purposes, without prior written authorization by  Vatican Radio. For further information, please contact the International  Relation Office at relint@vatiradio.va)<\/em><\/span><\/p>\n","protected":false},"excerpt":{"rendered":"<p>Cari fratelli e sorelle! Si \u00e8 concluso nei giorni scorsi l\u2019Anno Sacerdotale. Qui a Roma abbiamo vissuto giornate indimenticabili, con la presenza di oltre quindicimila sacerdoti di ogni parte del mondo. Perci\u00f2, oggi desidero rendere grazie a Dio per tutti i benefici che da questo Anno sono venuti alla Chiesa universale. Nessuno potr\u00e0 mai misurarli,&#8230;<\/p>\n","protected":false},"author":3,"featured_media":0,"comment_status":"closed","ping_status":"closed","sticky":false,"template":"","format":"standard","meta":{"_kad_post_transparent":"","_kad_post_title":"","_kad_post_layout":"","_kad_post_sidebar_id":"","_kad_post_content_style":"","_kad_post_vertical_padding":"","_kad_post_feature":"","_kad_post_feature_position":"","_kad_post_header":false,"_kad_post_footer":false,"_kad_post_classname":"","footnotes":""},"categories":[100,114],"tags":[115,73],"class_list":["post-230794","post","type-post","status-publish","format-standard","hentry","category-100","category-angelus","tag-audio","tag-benedetto-xvi"],"_links":{"self":[{"href":"https:\/\/archivio.cercoiltuovolto.it\/index.php?rest_route=\/wp\/v2\/posts\/230794","targetHints":{"allow":["GET"]}}],"collection":[{"href":"https:\/\/archivio.cercoiltuovolto.it\/index.php?rest_route=\/wp\/v2\/posts"}],"about":[{"href":"https:\/\/archivio.cercoiltuovolto.it\/index.php?rest_route=\/wp\/v2\/types\/post"}],"author":[{"embeddable":true,"href":"https:\/\/archivio.cercoiltuovolto.it\/index.php?rest_route=\/wp\/v2\/users\/3"}],"replies":[{"embeddable":true,"href":"https:\/\/archivio.cercoiltuovolto.it\/index.php?rest_route=%2Fwp%2Fv2%2Fcomments&post=230794"}],"version-history":[{"count":0,"href":"https:\/\/archivio.cercoiltuovolto.it\/index.php?rest_route=\/wp\/v2\/posts\/230794\/revisions"}],"wp:attachment":[{"href":"https:\/\/archivio.cercoiltuovolto.it\/index.php?rest_route=%2Fwp%2Fv2%2Fmedia&parent=230794"}],"wp:term":[{"taxonomy":"category","embeddable":true,"href":"https:\/\/archivio.cercoiltuovolto.it\/index.php?rest_route=%2Fwp%2Fv2%2Fcategories&post=230794"},{"taxonomy":"post_tag","embeddable":true,"href":"https:\/\/archivio.cercoiltuovolto.it\/index.php?rest_route=%2Fwp%2Fv2%2Ftags&post=230794"}],"curies":[{"name":"wp","href":"https:\/\/api.w.org\/{rel}","templated":true}]}}