{"id":230792,"date":"2010-06-11T19:45:48","date_gmt":"2010-06-11T19:45:48","guid":{"rendered":"https:\/\/archivio.cercoiltuovolto.it\/?p=230792"},"modified":"2010-06-11T19:45:48","modified_gmt":"2010-06-11T19:45:48","slug":"omelia-di-benedetto-xvi-per-la-festa-del-sacro-cuore-e-la-chiusura-dellanno-sacerdotale-11-giugno-2010","status":"publish","type":"post","link":"https:\/\/archivio.cercoiltuovolto.it\/?p=230792","title":{"rendered":"Omelia di Benedetto XVI per la festa del sacro Cuore e la chiusura dell\u2019Anno Sacerdotale &#8211; 11 giugno 2010"},"content":{"rendered":"<p><em><a href=\"http:\/\/www.cercoiltuovolto.it\/\/wp-content\/uploads\/2010\/06\/anno-sacerdotale.jpg\"><img loading=\"lazy\" decoding=\"async\" class=\"alignleft size-medium wp-image-12143\" title=\"anno sacerdotale\" src=\"http:\/\/www.cercoiltuovolto.it\/\/wp-content\/uploads\/2010\/06\/anno-sacerdotale-225x300.jpg\" alt=\"\" width=\"225\" height=\"300\" \/><\/a>Cari confratelli nel ministero sacerdotale,<br \/>\n Cari fratelli e sorelle,<\/em><\/p>\n<p style=\"text-align: justify;\">l\u2019<a href=\"http:\/\/www.vatican.va\/special\/anno_sac\/index_it.html\">Anno Sacerdotale<\/a> che abbiamo celebrato, 150 anni dopo la morte del santo Curato d\u2019Ars, modello del ministero sacerdotale nel nostro mondo, volge al termine. Dal Curato d\u2019Ars ci siamo lasciati guidare, per comprendere nuovamente la grandezza e la bellezza del ministero sacerdotale. Il sacerdote non \u00e8 semplicemente il detentore di un ufficio, come quelli di cui ogni societ\u00e0 ha bisogno affinch\u00e9 in essa possano essere adempiute certe funzioni. Egli invece fa qualcosa che nessun essere umano pu\u00f2 fare da s\u00e9: pronuncia in nome di Cristo la parola dell\u2019assoluzione dai nostri peccati e cambia cos\u00ec, a partire da Dio, la situazione della nostra vita. Pronuncia sulle offerte del pane e del vino le parole di ringraziamento di Cristo che sono parole di transustanziazione \u2013 parole che rendono presente Lui stesso, il Risorto, il suo Corpo e suo Sangue, e trasformano cos\u00ec gli elementi del mondo: parole che spalancano il mondo a Dio e lo congiungono a Lui. Il sacerdozio \u00e8 quindi non semplicemente \u00abufficio\u00bb, ma sacramento: Dio si serve di un povero uomo al fine di essere, attraverso lui, presente per gli uomini e di agire in loro favore. Questa audacia di Dio, che ad esseri umani affida se stesso; che, pur conoscendo le nostre debolezze, ritiene degli uomini capaci di agire e di essere presenti in vece sua \u2013 questa audacia di Dio \u00e8 la cosa veramente grande che si nasconde nella parola \u00absacerdozio\u00bb.<\/p>\n<p style=\"text-align: justify;\">[<a href=\"http:\/\/www.vatican.va\/holy_father\/benedict_xvi\/homilies\/2010\/documents\/hf_ben-xvi_hom_20100611_concl-anno-sac_it.html\">Leggi tutta l&#8217;omelia<\/a>] <em>\u00a9 Copyright 2010 &#8211; Libreria  Editrice Vaticana<\/em><\/p>\n<div class=\"powerpressbox\">[powerpress]<\/div>\n<p class=\"film\">Link al video ufficiale (<em>richiede Apple Quick Time<\/em>)<\/p>\n<p style=\"text-align: justify;\"><img loading=\"lazy\" decoding=\"async\" style=\"vertical-align: middle; border: 0px none currentColor;\" title=\"Link\" src=\"http:\/\/www.cercoiltuovolto.it\/\/images\/web.png\" alt=\"Link\" width=\"24\" height=\"24\" \/> Fonte del podcast: <strong>Radio Vaticana<\/strong> via FeedRss | <strong>Foto<\/strong>: <a href=\"https:\/\/www.photo.va\" target=\"_blank\">Osservatore Romano<br \/>\n <\/a><em><span style=\"font-size: xx-small;\">(The content of this podcast is copyrighted by Vatican Radio which, according to  its statute, is entrusted to manage and protect the sound recordings of the  Roman Pontiff, ensuring that their pastoral character and intellectual  property&#8217;s rights are protected when used by third parties. The content of this  podcast is made available only for personal and private use and cannot be  exploited for commercial purposes, without prior written authorization by  Vatican Radio. For further information, please contact the International  Relation Office at relint@vatiradio.va)<\/span><\/em><\/p>\n","protected":false},"excerpt":{"rendered":"<p>Cari confratelli nel ministero sacerdotale, Cari fratelli e sorelle, l\u2019Anno Sacerdotale che abbiamo celebrato, 150 anni dopo la morte del santo Curato d\u2019Ars, modello del ministero sacerdotale nel nostro mondo, volge al termine. Dal Curato d\u2019Ars ci siamo lasciati guidare, per comprendere nuovamente la grandezza e la bellezza del ministero sacerdotale. Il sacerdote non \u00e8&#8230;<\/p>\n","protected":false},"author":3,"featured_media":0,"comment_status":"closed","ping_status":"closed","sticky":false,"template":"","format":"standard","meta":{"_kad_post_transparent":"","_kad_post_title":"","_kad_post_layout":"","_kad_post_sidebar_id":"","_kad_post_content_style":"","_kad_post_vertical_padding":"","_kad_post_feature":"","_kad_post_feature_position":"","_kad_post_header":false,"_kad_post_footer":false,"_kad_post_classname":"","footnotes":""},"categories":[100,270],"tags":[115,73,29],"class_list":["post-230792","post","type-post","status-publish","format-standard","hentry","category-100","category-anno-sacerdotale","tag-audio","tag-benedetto-xvi","tag-omelie"],"_links":{"self":[{"href":"https:\/\/archivio.cercoiltuovolto.it\/index.php?rest_route=\/wp\/v2\/posts\/230792","targetHints":{"allow":["GET"]}}],"collection":[{"href":"https:\/\/archivio.cercoiltuovolto.it\/index.php?rest_route=\/wp\/v2\/posts"}],"about":[{"href":"https:\/\/archivio.cercoiltuovolto.it\/index.php?rest_route=\/wp\/v2\/types\/post"}],"author":[{"embeddable":true,"href":"https:\/\/archivio.cercoiltuovolto.it\/index.php?rest_route=\/wp\/v2\/users\/3"}],"replies":[{"embeddable":true,"href":"https:\/\/archivio.cercoiltuovolto.it\/index.php?rest_route=%2Fwp%2Fv2%2Fcomments&post=230792"}],"version-history":[{"count":0,"href":"https:\/\/archivio.cercoiltuovolto.it\/index.php?rest_route=\/wp\/v2\/posts\/230792\/revisions"}],"wp:attachment":[{"href":"https:\/\/archivio.cercoiltuovolto.it\/index.php?rest_route=%2Fwp%2Fv2%2Fmedia&parent=230792"}],"wp:term":[{"taxonomy":"category","embeddable":true,"href":"https:\/\/archivio.cercoiltuovolto.it\/index.php?rest_route=%2Fwp%2Fv2%2Fcategories&post=230792"},{"taxonomy":"post_tag","embeddable":true,"href":"https:\/\/archivio.cercoiltuovolto.it\/index.php?rest_route=%2Fwp%2Fv2%2Ftags&post=230792"}],"curies":[{"name":"wp","href":"https:\/\/api.w.org\/{rel}","templated":true}]}}