{"id":230788,"date":"2010-06-10T21:38:13","date_gmt":"2010-06-10T21:38:13","guid":{"rendered":"https:\/\/archivio.cercoiltuovolto.it\/?p=230788"},"modified":"2010-06-10T21:38:13","modified_gmt":"2010-06-10T21:38:13","slug":"udienza-generale-del-santo-padre-in-mp3-9-maggio-2010","status":"publish","type":"post","link":"https:\/\/archivio.cercoiltuovolto.it\/?p=230788","title":{"rendered":"&#8220;Udienza Generale&#8221; del Santo Padre in mp3 &#8211; 9 maggio 2010"},"content":{"rendered":"<p><em><strong><a href=\"http:\/\/www.vatican.va\/holy_father\/benedict_xvi\/travels\/2010\/index_cipro_it.htm\">Viaggio Apostolico a Cipro<\/a><\/strong><\/em><\/p>\n<p><em>Cari fratelli e sorelle!<\/em><\/p>\n<p style=\"text-align: justify;\">Quest\u2019oggi desidero soffermarmi sul mio\u00a0<a href=\"http:\/\/www.vatican.va\/holy_father\/benedict_xvi\/travels\/2010\/index_cipro_it.htm\">viaggio apostolico a Cipro<\/a>, che per molti aspetti si \u00e8 posto in continuit\u00e0 con quelli precedenti in\u00a0<a href=\"http:\/\/www.vatican.va\/holy_father\/benedict_xvi\/travels\/2009\/index_holy-land_it.htm\">Terra Santa<\/a> e a\u00a0<a href=\"http:\/\/www.vatican.va\/holy_father\/benedict_xvi\/travels\/2010\/index_malta_it.htm\">Malta<\/a>. Grazie a Dio, questa visita pastorale \u00e8 andata molto bene, poich\u00e9 ha felicemente conseguito i suoi scopi. Gi\u00e0 di per s\u00e9 essa costituiva un evento storico; infatti, mai prima d\u2019ora il Vescovo di Roma si era recato in quella terra benedetta dal lavoro apostolico di san Paolo e san Barnaba e tradizionalmente considerata parte della Terra Santa. Sulle orme dell\u2019Apostolo delle genti mi sono fatto pellegrino del Vangelo, anzitutto per rinsaldare la fede delle comunit\u00e0 cattoliche, piccola ma vivace minoranza nell\u2019Isola, incoraggiandole anche a proseguire il cammino verso la piena unit\u00e0 tra i cristiani, specialmente con i fratelli ortodossi. Al tempo stesso, ho voluto idealmente abbracciare tutte le popolazioni mediorientali e benedirle nel nome del Signore, invocando da Dio il dono della pace. Ho sperimentato una cordiale accoglienza, che mi \u00e8 stata riservata dappertutto, e colgo volentieri questa occasione per esprimere nuovamente la mia viva gratitudine in primo luogo all\u2019Arcivescovo di Cipro dei Maroniti, Mons. Joseph Soueif, e a Sua Beatitudine Mons. Fouad Twal, unitamente ai collaboratori, rinnovando a ciascuno il mio apprezzamento per la loro azione apostolica. La mia sentita riconoscenza va poi al Santo Sinodo della Chiesa Ortodossa di Cipro, segnatamente a Sua Beatitudine Chrysostomos II, Arcivescovo di Nea Giustiniana e di tutta Cipro, che ho avuto la gioia di abbracciare con affetto fraterno, come pure al Presidente della Repubblica, a tutte le Autorit\u00e0 civili e a quanti in vario modo si sono lodevolmente prodigati per la riuscita di questa mia\u00a0<a href=\"http:\/\/www.vatican.va\/holy_father\/benedict_xvi\/travels\/2010\/index_cipro_it.htm\">visita pastorale<\/a>.<\/p>\n<p style=\"text-align: justify;\">[<a href=\"http:\/\/www.vatican.va\/holy_father\/benedict_xvi\/audiences\/2010\/documents\/hf_ben-xvi_aud_20100609_it.html\">Leggi tutto il messaggio<\/a>] <em>\u00a9 Copyright 2010 &#8211; Libreria  Editrice Vaticana<\/em><\/p>\n<div class=\"powerpressbox\">[powerpress]<\/div>\n<p class=\"film\">Link al video ufficiale (<em>richiede Apple Quick Time<\/em>)<\/p>\n<p style=\"text-align: justify;\"><img loading=\"lazy\" decoding=\"async\" style=\"vertical-align: middle; border: 0px none currentColor;\" title=\"Link\" src=\"http:\/\/www.cercoiltuovolto.it\/\/images\/web.png\" alt=\"Link\" width=\"24\" height=\"24\" \/> Fonte del podcast: <strong>Radio Vaticana<\/strong> via FeedRss | <strong>Foto<\/strong>: <a href=\"https:\/\/www.photo.va\" target=\"_blank\">Osservatore Romano<br \/>\n <\/a><em><span style=\"font-size: xx-small;\">(The content of this podcast is copyrighted by Vatican Radio which, according to  its statute, is entrusted to manage and protect the sound recordings of the  Roman Pontiff, ensuring that their pastoral character and intellectual  property&#8217;s rights are protected when used by third parties. The content of this  podcast is made available only for personal and private use and cannot be  exploited for commercial purposes, without prior written authorization by  Vatican Radio. For further information, please contact the International  Relation Office at relint@vatiradio.va)<\/span><\/em><\/p>\n","protected":false},"excerpt":{"rendered":"<p>Viaggio Apostolico a Cipro Cari fratelli e sorelle! Quest\u2019oggi desidero soffermarmi sul mio\u00a0viaggio apostolico a Cipro, che per molti aspetti si \u00e8 posto in continuit\u00e0 con quelli precedenti in\u00a0Terra Santa e a\u00a0Malta. Grazie a Dio, questa visita pastorale \u00e8 andata molto bene, poich\u00e9 ha felicemente conseguito i suoi scopi. Gi\u00e0 di per s\u00e9 essa costituiva&#8230;<\/p>\n","protected":false},"author":3,"featured_media":0,"comment_status":"closed","ping_status":"closed","sticky":false,"template":"","format":"standard","meta":{"_kad_post_transparent":"","_kad_post_title":"","_kad_post_layout":"","_kad_post_sidebar_id":"","_kad_post_content_style":"","_kad_post_vertical_padding":"","_kad_post_feature":"","_kad_post_feature_position":"","_kad_post_header":false,"_kad_post_footer":false,"_kad_post_classname":"","footnotes":""},"categories":[100,4],"tags":[73,65],"class_list":["post-230788","post","type-post","status-publish","format-standard","hentry","category-100","category-audio-cattolici","tag-benedetto-xvi","tag-udienza-generale"],"_links":{"self":[{"href":"https:\/\/archivio.cercoiltuovolto.it\/index.php?rest_route=\/wp\/v2\/posts\/230788","targetHints":{"allow":["GET"]}}],"collection":[{"href":"https:\/\/archivio.cercoiltuovolto.it\/index.php?rest_route=\/wp\/v2\/posts"}],"about":[{"href":"https:\/\/archivio.cercoiltuovolto.it\/index.php?rest_route=\/wp\/v2\/types\/post"}],"author":[{"embeddable":true,"href":"https:\/\/archivio.cercoiltuovolto.it\/index.php?rest_route=\/wp\/v2\/users\/3"}],"replies":[{"embeddable":true,"href":"https:\/\/archivio.cercoiltuovolto.it\/index.php?rest_route=%2Fwp%2Fv2%2Fcomments&post=230788"}],"version-history":[{"count":0,"href":"https:\/\/archivio.cercoiltuovolto.it\/index.php?rest_route=\/wp\/v2\/posts\/230788\/revisions"}],"wp:attachment":[{"href":"https:\/\/archivio.cercoiltuovolto.it\/index.php?rest_route=%2Fwp%2Fv2%2Fmedia&parent=230788"}],"wp:term":[{"taxonomy":"category","embeddable":true,"href":"https:\/\/archivio.cercoiltuovolto.it\/index.php?rest_route=%2Fwp%2Fv2%2Fcategories&post=230788"},{"taxonomy":"post_tag","embeddable":true,"href":"https:\/\/archivio.cercoiltuovolto.it\/index.php?rest_route=%2Fwp%2Fv2%2Ftags&post=230788"}],"curies":[{"name":"wp","href":"https:\/\/api.w.org\/{rel}","templated":true}]}}