{"id":230784,"date":"2010-06-11T06:00:45","date_gmt":"2010-06-11T06:00:45","guid":{"rendered":"https:\/\/archivio.cercoiltuovolto.it\/?p=230784"},"modified":"2010-06-11T06:00:45","modified_gmt":"2010-06-11T06:00:45","slug":"la-religione-nella-sfera-pubblica","status":"publish","type":"post","link":"https:\/\/archivio.cercoiltuovolto.it\/?p=230784","title":{"rendered":"La religione nella sfera pubblica"},"content":{"rendered":"<p style=\"text-align: justify;\">Dibattito organizzato da Fondazione  Corriere della Sera e Istituto di Scienze Umane di Vienna. Primo di una serie di appuntamenti ospitati in differenti Paesi  europei con i principali giornali dei Paesi coinvolti, in preparazione  al Congresso sulla Cultura Europea promosso dal Ministero dei Beni e  delle Attivit\u00e0 Culturali polacco. Il Congresso, organizzato  dall&#8217;Istituto Nazionale Audiovisivi, si terr\u00e0 dall&#8217;8 all&#8217;11 settembre  2011 a Breslavia e sar\u00e0 uno dei pi\u00f9 importanti eventi che  accompagneranno la Presidenza polacca dell&#8217;UE nel 2011. Dibattito patrocinato dal Ministero dei Beni e delle Attivit\u00e0 Culturali  polacco.<\/p>\n<h3>Interventi<\/h3>\n<ul>\n<li>\n<p>Piergaetano Marchetti &#8211; presidente della Rizzoli  Corriere della Sera Media Group<\/p>\n<\/li>\n<li>\n<p>Alberto Melloni &#8211; docente di Storia del  Cristianesimo all&#8217;Universit\u00e0 di Modena Reggio Emilia\u00a0  &#8211; Alberto Melloni \u00e8 anche Direttore della Fondazione per le  scienze religiose Giovanni XXIII di Bologna e collabora con il Corriere  della Sera (Coordina il dibattito)  Krzysztof Michalski rettore dell\u2019Istituto di Scienze  umane di Vienna &#8211; Krzysztof Michalski \u00e8  docente di Filosofia presso le Universit\u00e0 di Boston e Varsavia  (intervento con traduzione)<\/p>\n<\/li>\n<li> Alberto Melloni docente di Storia del  Cristianesimo all&#8217;Universit\u00e0 di Modena Reggio Emilia <\/li>\n<li> Giuliano Amato presidente dell&#8217;Istituto della  Enciclopedia Italiana Treccani <\/li>\n<li> Adam Michnik saggista, editore e politico  polacco <\/li>\n<li> Giovanni Reale docente di Storia della filosofia  antica all\u2019Universit\u00e0 \u201cVita e Salute\u201d del San Raffaele<\/li>\n<li> Charles Taylor professore emerito di Filosofia e  Scienze politiche alla McGill University di Montreal<\/li>\n<li> Krzysztof Michalski rettore dell\u2019Istituto di Scienze  umane di Vienna<\/li>\n<li> Domande dal pubblico <\/li>\n<\/ul>\n<p>[powerpress]<\/p>\n<p>Il player seguente pu\u00f2 essere utilizzato quando il precedente non sar\u00e0 pi\u00f9 attivo.<\/p>\n<\/p>\n<p class=\"sito-web\">Fonte: <a href=\"http:\/\/www.radioradicale.it\/scheda\/305221\/la-religione-nella-sfera-pubblica-dibattito-organizzato-da-fondazione-corriere-della-sera-e-istituto-di-sc\">RadioRadicale<\/a> &#8211; licenza Creative Commons<\/p>\n","protected":false},"excerpt":{"rendered":"<p>Dibattito organizzato da Fondazione Corriere della Sera e Istituto di Scienze Umane di Vienna. Primo di una serie di appuntamenti ospitati in differenti Paesi europei con i principali giornali dei Paesi coinvolti, in preparazione al Congresso sulla Cultura Europea promosso dal Ministero dei Beni e delle Attivit\u00e0 Culturali polacco. Il Congresso, organizzato dall&#8217;Istituto Nazionale Audiovisivi,&#8230;<\/p>\n","protected":false},"author":3,"featured_media":0,"comment_status":"closed","ping_status":"closed","sticky":false,"template":"","format":"standard","meta":{"_kad_post_transparent":"","_kad_post_title":"","_kad_post_layout":"","_kad_post_sidebar_id":"","_kad_post_content_style":"","_kad_post_vertical_padding":"","_kad_post_feature":"","_kad_post_feature_position":"","_kad_post_header":false,"_kad_post_footer":false,"_kad_post_classname":"","footnotes":""},"categories":[100,4],"tags":[57,117,31],"class_list":["post-230784","post","type-post","status-publish","format-standard","hentry","category-100","category-audio-cattolici","tag-conferenze","tag-incontri","tag-radio-nel-web"],"_links":{"self":[{"href":"https:\/\/archivio.cercoiltuovolto.it\/index.php?rest_route=\/wp\/v2\/posts\/230784","targetHints":{"allow":["GET"]}}],"collection":[{"href":"https:\/\/archivio.cercoiltuovolto.it\/index.php?rest_route=\/wp\/v2\/posts"}],"about":[{"href":"https:\/\/archivio.cercoiltuovolto.it\/index.php?rest_route=\/wp\/v2\/types\/post"}],"author":[{"embeddable":true,"href":"https:\/\/archivio.cercoiltuovolto.it\/index.php?rest_route=\/wp\/v2\/users\/3"}],"replies":[{"embeddable":true,"href":"https:\/\/archivio.cercoiltuovolto.it\/index.php?rest_route=%2Fwp%2Fv2%2Fcomments&post=230784"}],"version-history":[{"count":0,"href":"https:\/\/archivio.cercoiltuovolto.it\/index.php?rest_route=\/wp\/v2\/posts\/230784\/revisions"}],"wp:attachment":[{"href":"https:\/\/archivio.cercoiltuovolto.it\/index.php?rest_route=%2Fwp%2Fv2%2Fmedia&parent=230784"}],"wp:term":[{"taxonomy":"category","embeddable":true,"href":"https:\/\/archivio.cercoiltuovolto.it\/index.php?rest_route=%2Fwp%2Fv2%2Fcategories&post=230784"},{"taxonomy":"post_tag","embeddable":true,"href":"https:\/\/archivio.cercoiltuovolto.it\/index.php?rest_route=%2Fwp%2Fv2%2Ftags&post=230784"}],"curies":[{"name":"wp","href":"https:\/\/api.w.org\/{rel}","templated":true}]}}