{"id":230778,"date":"2010-06-13T18:30:38","date_gmt":"2010-06-13T18:30:38","guid":{"rendered":"https:\/\/archivio.cercoiltuovolto.it\/?p=230778"},"modified":"2010-06-13T18:30:38","modified_gmt":"2010-06-13T18:30:38","slug":"commento-al-vangelo-di-domenica-20-giugno-2010-alberto-maggi","status":"publish","type":"post","link":"https:\/\/archivio.cercoiltuovolto.it\/?p=230778","title":{"rendered":"Commento al Vangelo di domenica 20 giugno 2010 &#8211; Alberto Maggi"},"content":{"rendered":"<p style=\"text-align: justify;\">Padre Alberto Maggi commenta il Vangelo della XII Domenica del Tempo Ordinario &#8211; Anno C (www.studibiblici.it)<\/p>\n<p style=\"text-align: center;\">[stream provider=youtube flv=http%3A\/\/www.youtube.com\/watch%3Fv%3D5UG0KxfrgXk%26feature%3Dyoutube_gdata img=x:\/img.youtube.com\/vi\/5UG0KxfrgXk\/0.jpg embed=true share=true width=560 height=360 dock=true controlbar=over bandwidth=med autostart=false \/]<\/p>\n<p style=\"text-align: justify;\"><strong>Lc 9, 18-24 Dal Vangelo secondo Luca<\/strong><\/p>\n<p style=\"text-align: justify;\">\u2021 Un giorno, mentre Ges\u00f9 si trovava in un luogo appartato a pregare e i discepoli erano con lui, pose loro questa domanda: \u00abChi sono io secondo la gente?\u00bb. Essi risposero: \u00abPer alcuni Giovanni il Battista, per altri Elia, per altri uno degli antichi profeti che \u00e8 risorto\u00bb.<\/p>\n<p style=\"text-align: justify;\">Allora domand\u00f2: \u00abMa voi chi dite che io sia?\u00bb. Pietro, prendendo la parola, rispose: \u00abIl Cristo di Dio\u00bb. Egli allora ordin\u00f2 loro severamente di non riferirlo a nessuno.<\/p>\n<p style=\"text-align: justify;\">\u00abIl Figlio dell\u2019uomo, disse, deve soffrire molto, essere riprovato dagli anziani, dai sommi sacerdoti e dagli scribi, esser messo a morte e risorgere il terzo giorno\u00bb.<\/p>\n<p style=\"text-align: justify;\">Poi, a tutti, diceva: \u00abSe qualcuno vuol venire dietro a me, rinneghi se stesso, prenda la sua croce ogni giorno e mi segua.<\/p>\n<p style=\"text-align: justify;\">Chi vorr\u00e0 salvare la propria vita, la perder\u00e0, ma chi perder\u00e0 la propria vita per me, la salver\u00e0.<\/p>\n<p style=\"text-align: justify;\">C: Parola del Signore.<\/p>\n<p style=\"text-align: justify;\">A: Lode a Te o Cristo.<br class=\"spacer_\" \/><\/p>\n","protected":false},"excerpt":{"rendered":"<p>Padre Alberto Maggi commenta il Vangelo della XII Domenica del Tempo Ordinario &#8211; Anno C (www.studibiblici.it) [stream provider=youtube flv=http%3A\/\/www.youtube.com\/watch%3Fv%3D5UG0KxfrgXk%26feature%3Dyoutube_gdata img=x:\/img.youtube.com\/vi\/5UG0KxfrgXk\/0.jpg embed=true share=true width=560 height=360 dock=true controlbar=over bandwidth=med autostart=false \/] Lc 9, 18-24 Dal Vangelo secondo Luca \u2021 Un giorno, mentre Ges\u00f9 si trovava in un luogo appartato a pregare e i discepoli erano con lui,&#8230;<\/p>\n","protected":false},"author":3,"featured_media":0,"comment_status":"closed","ping_status":"closed","sticky":false,"template":"","format":"standard","meta":{"_kad_post_transparent":"","_kad_post_title":"","_kad_post_layout":"","_kad_post_sidebar_id":"","_kad_post_content_style":"","_kad_post_vertical_padding":"","_kad_post_feature":"","_kad_post_feature_position":"","_kad_post_header":false,"_kad_post_footer":false,"_kad_post_classname":"","footnotes":""},"categories":[100,217],"tags":[5,172],"class_list":["post-230778","post","type-post","status-publish","format-standard","hentry","category-100","category-alberto-maggi","tag-commento-al-vangelo","tag-vangelo-della-domenica"],"_links":{"self":[{"href":"https:\/\/archivio.cercoiltuovolto.it\/index.php?rest_route=\/wp\/v2\/posts\/230778","targetHints":{"allow":["GET"]}}],"collection":[{"href":"https:\/\/archivio.cercoiltuovolto.it\/index.php?rest_route=\/wp\/v2\/posts"}],"about":[{"href":"https:\/\/archivio.cercoiltuovolto.it\/index.php?rest_route=\/wp\/v2\/types\/post"}],"author":[{"embeddable":true,"href":"https:\/\/archivio.cercoiltuovolto.it\/index.php?rest_route=\/wp\/v2\/users\/3"}],"replies":[{"embeddable":true,"href":"https:\/\/archivio.cercoiltuovolto.it\/index.php?rest_route=%2Fwp%2Fv2%2Fcomments&post=230778"}],"version-history":[{"count":0,"href":"https:\/\/archivio.cercoiltuovolto.it\/index.php?rest_route=\/wp\/v2\/posts\/230778\/revisions"}],"wp:attachment":[{"href":"https:\/\/archivio.cercoiltuovolto.it\/index.php?rest_route=%2Fwp%2Fv2%2Fmedia&parent=230778"}],"wp:term":[{"taxonomy":"category","embeddable":true,"href":"https:\/\/archivio.cercoiltuovolto.it\/index.php?rest_route=%2Fwp%2Fv2%2Fcategories&post=230778"},{"taxonomy":"post_tag","embeddable":true,"href":"https:\/\/archivio.cercoiltuovolto.it\/index.php?rest_route=%2Fwp%2Fv2%2Ftags&post=230778"}],"curies":[{"name":"wp","href":"https:\/\/api.w.org\/{rel}","templated":true}]}}