{"id":230768,"date":"2010-06-07T05:00:48","date_gmt":"2010-06-07T05:00:48","guid":{"rendered":"https:\/\/archivio.cercoiltuovolto.it\/?p=230768"},"modified":"2010-06-07T05:00:48","modified_gmt":"2010-06-07T05:00:48","slug":"mons-giovanni-dercole-e-le-falsita-televisive","status":"publish","type":"post","link":"https:\/\/archivio.cercoiltuovolto.it\/?p=230768","title":{"rendered":"Mons. Giovanni D&#8217;Ercole e le falsit\u00e0 televisive"},"content":{"rendered":"<p>Non ricordo pi\u00f9 dove \u00e8 stata trasmessa l&#8217;intervista (nel caso in cui qualcuno se lo ricordi me lo faccia sapere) ma credo sia opportuno dar voce anche a mons. facendo da cassa di risonanza per quanto scrive nel blog della <a href=\"http:\/\/blog.laquila.chiesacattolica.it\/2010\/06\/05\/televisione-quante-bugie\/\">Diocesi de l&#8217;Aquila<\/a>.<\/p>\n<p>Ecco il link all&#8217;intervista fatta da Report (grazie a Lorenzo):<\/p>\n<p><a href=\"http:\/\/www.rai.tv\/dl\/RaiTV\/programmi\/media\/ContentItem-98b81e6a-8f28-47c1-aa89-b07213a7c30a.html?p=0\" target=\"_blank\">http:\/\/www.rai.tv\/dl\/RaiTV\/programmi\/media\/ContentItem-98b81e6a-8f28-47c1-aa89-b07213a7c30a.html?p=0<\/a><\/p>\n<blockquote>\n<p style=\"text-align: justify;\"><a href=\"http:\/\/www.cercoiltuovolto.it\/\/wp-content\/uploads\/2010\/06\/Sullaviadidamasco.jpg\"><img loading=\"lazy\" decoding=\"async\" class=\"alignleft size-full wp-image-12067\" title=\"Sullaviadidamasco\" src=\"http:\/\/www.cercoiltuovolto.it\/\/wp-content\/uploads\/2010\/06\/Sullaviadidamasco.jpg\" alt=\"\" width=\"235\" height=\"250\" \/><\/a>Cari amici,<\/p>\n<p style=\"text-align: justify;\">sento di scrivervi pur tra i tanti impegni di questo periodo, dopo aver visto una trasmissione televisiva che riportava, tra le altre, anche una intervista fatta a me.<\/p>\n<p style=\"text-align: justify;\">Innanzitutto non posso far altro che dirvi tutta la mia amarezza per il montaggio realizzato e per aver inserito di 45 minuti di intervista fatta al sottoscritto solo qualche breve passaggio stravolgendo il senso delle cose dette.<\/p>\n<p style=\"text-align: justify;\">Proprio per questo voglio condividere alcune osservazioni con voi.<\/p>\n<p style=\"text-align: justify;\">E\u2019 stato detto che i 35 milioni di \u20ac raccolti in tutte le parrocchie d\u2019Italia la domenica in albis 2009 non dovevano essere gestiti dalla Curia. Innanzitutto preciso che la nostra Curia non sta gestendo direttamente quel denaro che la Cei cio\u00e8 la Conferenza Episcopale Italiana ha voluto affidare alla Caritas nazionale per la gestione. La Curia condivide con la Caritas i progetti di realizzare e poi la Caritas li finanzia. E poi mi chiedo se non \u00e8 la Chiesa a gestire i soldi dei fedeli chi dovrebbe gestirli? I fedeli che quella domenica del 2009 hanno aderito alla Colletta in nostro favore, sono persone che amano la Chiesa, si fidano di essa e proprio per questo hanno scelto di farle gestire il frutto della loro generosit\u00e0.<\/p>\n<p style=\"text-align: justify;\">Mi hanno fatto dire anche che con i 35 milioni di euro dei fedeli italiani la diocesi avrebbe comprato dei terreni per costruire oratori . Se fosse davvero cos\u00ec, ormai la diocesi sarebbe proprietaria di pi\u00f9 di due terzi della citt\u00e0. Le cose invece stanno diversamente: con quei fondi la Caritas nazionale sta costruendo oratori, centri per anziani e sta anche acquistando terreni per poter fare le costruzioni progettate. Non chiese, per\u00f2, ma solo costruzioni per realizzare progetti che possano aiutare la ricostruzione sociale della nostra citt\u00e0. Finora ne sono state realizzati ancora pochi perch\u00e9 aspettiamo le necessarie autorizzazioni del Comune.<\/p>\n<p style=\"text-align: justify;\">Comunque deve essere ben chiaro che, anche quando la Chiesa costruisce su terreni pubblici, chiede solo un comodato gratuito per l\u2019utilizzo della struttura costruita. Al termine del comodato, come \u00e8 logico, tutto appartiene al proprietario del terreno. Quindi se la Chiesa costruisce su terreni comunali, come prevede la legge, scaduto il comodato, le strutture diventeranno di propriet\u00e0 dei Comuni. Capannone, guardia di finaza<\/p>\n<p style=\"text-align: justify;\">Riguardo alla Residenza Universitaria San Carlo, mi hanno fatto sembrare impacciato nelle risposte,\u00a0 anche questa una buona strumentalizzazione!<\/p>\n<p style=\"text-align: justify;\">Veramente infamante, infine, quanto affermato nei confronti dell\u2019Arcivescovo. Mons. Molinari non ha mai abbandonato al sua citt\u00e0. I primi giorni ha dormito in tenda come tutti (e non una tenda della Protezione Civile ma in una tenda messa a disposizione della Caritas). In seguito, solo ed esclusivamente per la notte, ha trovato ricovero presso il convento di Carsoli. Ogni giorno, per\u00f2, di primo mattino gi\u00e0 si trovava all\u2019Aquila per riandarsene la sera dopo aver svolto fedelmente, come sempre d\u2019altronde, il proprio ministero tra la sua gente terremotata.<\/p>\n<p style=\"text-align: justify;\">Cari lettori, ho deciso di rilasciare l\u2019intervista a quella trasmissione perch\u00e9 la nostra Chiesa non ha nulla da nascondere e pensando che fosse un trasmissione seria. Ora concorderete con me che, invece, non c\u2019\u00e8 assolutamente da fidarsi di trasmissioni e giornalisti che non fanno altro che fare disinformazione per raggiungere obiettivi ben precisi, primo fra tutti quello di screditare l\u2019operato della Chiesa. Un ultimo esempio sulla seriet\u00e0 di certa informazione: hanno detto che la mia residenza \u00e8 nel capannone della Curia quando invece tutti sanno che, quando ho rilasciato l\u2019intervista, dormivo presso la Scuola della Guardia di Finanza insieme a tanti altri aquilani!<\/p>\n<p style=\"text-align: justify;\">Cari amici, avrei voluto non scrivervi queste precisazioni ma, purtroppo, proprio perch\u00e9 quei programmi che si spacciano per programmi di informazione diffondono menzogne, ho dovuto farlo; sono certo, per\u00f2, che le mie precisazioni non fanno altro che confermare la stima che la disinformazione anticlericale non riesce a scalfire in voi!<\/p>\n<\/blockquote>\n<p><br class=\"spacer_\" \/><\/p>\n","protected":false},"excerpt":{"rendered":"<p>Non ricordo pi\u00f9 dove \u00e8 stata trasmessa l&#8217;intervista (nel caso in cui qualcuno se lo ricordi me lo faccia sapere) ma credo sia opportuno dar voce anche a mons. facendo da cassa di risonanza per quanto scrive nel blog della Diocesi de l&#8217;Aquila. Ecco il link all&#8217;intervista fatta da Report (grazie a Lorenzo): http:\/\/www.rai.tv\/dl\/RaiTV\/programmi\/media\/ContentItem-98b81e6a-8f28-47c1-aa89-b07213a7c30a.html?p=0 Cari&#8230;<\/p>\n","protected":false},"author":3,"featured_media":0,"comment_status":"closed","ping_status":"closed","sticky":false,"template":"","format":"standard","meta":{"_kad_post_transparent":"","_kad_post_title":"","_kad_post_layout":"","_kad_post_sidebar_id":"","_kad_post_content_style":"","_kad_post_vertical_padding":"","_kad_post_feature":"","_kad_post_feature_position":"","_kad_post_header":false,"_kad_post_footer":false,"_kad_post_classname":"","footnotes":""},"categories":[100,118],"tags":[24,113],"class_list":["post-230768","post","type-post","status-publish","format-standard","hentry","category-100","category-diocesi","tag-televisione","tag-video"],"_links":{"self":[{"href":"https:\/\/archivio.cercoiltuovolto.it\/index.php?rest_route=\/wp\/v2\/posts\/230768","targetHints":{"allow":["GET"]}}],"collection":[{"href":"https:\/\/archivio.cercoiltuovolto.it\/index.php?rest_route=\/wp\/v2\/posts"}],"about":[{"href":"https:\/\/archivio.cercoiltuovolto.it\/index.php?rest_route=\/wp\/v2\/types\/post"}],"author":[{"embeddable":true,"href":"https:\/\/archivio.cercoiltuovolto.it\/index.php?rest_route=\/wp\/v2\/users\/3"}],"replies":[{"embeddable":true,"href":"https:\/\/archivio.cercoiltuovolto.it\/index.php?rest_route=%2Fwp%2Fv2%2Fcomments&post=230768"}],"version-history":[{"count":0,"href":"https:\/\/archivio.cercoiltuovolto.it\/index.php?rest_route=\/wp\/v2\/posts\/230768\/revisions"}],"wp:attachment":[{"href":"https:\/\/archivio.cercoiltuovolto.it\/index.php?rest_route=%2Fwp%2Fv2%2Fmedia&parent=230768"}],"wp:term":[{"taxonomy":"category","embeddable":true,"href":"https:\/\/archivio.cercoiltuovolto.it\/index.php?rest_route=%2Fwp%2Fv2%2Fcategories&post=230768"},{"taxonomy":"post_tag","embeddable":true,"href":"https:\/\/archivio.cercoiltuovolto.it\/index.php?rest_route=%2Fwp%2Fv2%2Ftags&post=230768"}],"curies":[{"name":"wp","href":"https:\/\/api.w.org\/{rel}","templated":true}]}}