{"id":230764,"date":"2010-06-03T09:24:05","date_gmt":"2010-06-03T09:24:05","guid":{"rendered":"https:\/\/archivio.cercoiltuovolto.it\/?p=230764"},"modified":"2010-06-03T09:24:05","modified_gmt":"2010-06-03T09:24:05","slug":"commento-al-vangelo-del-6-giugno-2010-don-claudio-doglio","status":"publish","type":"post","link":"https:\/\/archivio.cercoiltuovolto.it\/?p=230764","title":{"rendered":"Commento al Vangelo del 6 giugno 2010 &#8211; don Claudio Doglio"},"content":{"rendered":"<p style=\"text-align: justify;\">Il commento alle Letture della <strong>Domenica del Corpus Domini<\/strong>, 6 giugno 2010, a cura di don Claudio Doglio.<\/p>\n<blockquote>\n<p style=\"text-align: justify;\">La festivit\u00e0 del Corpus Domini ha una origine pi\u00f9 recente di quanto sembri. La solennit\u00e0 cattolica del Corpus Domini (Corpo del Signore) chiude il ciclo delle feste del dopo Pasqua e vuole celebrare il mistero dell&#8217;Eucaristia ed \u00e8 stata istituita grazie ad una suora che nel 1246 per prima volle celebrare il mistero dell&#8217;Eucaristia in una festa slegata dal clima di mestizia e lutto della Settimana Santa. Il suo vescovo approv\u00f2 l&#8217;idea e la celebrazione dell&#8217;Eucaristia divenne una festa per tutto il compartimento di Liegi, dove il convento della suora si trovava.<\/p>\n<p style=\"text-align: justify;\">Continua a leggere su: <a href=\"http:\/\/www.santiebeati.it\/dettaglio\/90912\">Santi e Beati <\/a><\/p>\n<\/blockquote>\n<p style=\"text-align: center;\">[stream provider=youtube flv=http%3A\/\/www.youtube.com\/watch%3Fv%3DzDB46tB6xP4%26feature%3Dyoutube_gdata img=x:\/img.youtube.com\/vi\/zDB46tB6xP4\/0.jpg embed=true share=true width=560 height=360 dock=true controlbar=over bandwidth=med autostart=false \/]<\/p>\n<p>codice video<\/p>\n<p style=\"text-align: justify;\"><a href=\"http:\/\/www.teleradiopace.tv\" target=\"_blank\"><img decoding=\"async\" class=\"alignleft size-full wp-image-3305\" title=\"teleradiopace\" src=\"http:\/\/www.cercoiltuovolto.it\/\/wp-content\/uploads\/2009\/02\/teleradiopace.jpg\" alt=\"teleradiopace\" \/>Teleradiopace<\/a> nasce nel maggio del 1990 con una chiara identit\u00e0: essere emittente radiotelevisiva comunitaria, non commerciale, strumento di comunicazione e di servizio per promuovere la cultura della pace, del dialogo, del rispetto della persona umana nello spirito del Vangelo.<\/p>\n","protected":false},"excerpt":{"rendered":"<p>Il commento alle Letture della Domenica del Corpus Domini, 6 giugno 2010, a cura di don Claudio Doglio. La festivit\u00e0 del Corpus Domini ha una origine pi\u00f9 recente di quanto sembri. La solennit\u00e0 cattolica del Corpus Domini (Corpo del Signore) chiude il ciclo delle feste del dopo Pasqua e vuole celebrare il mistero dell&#8217;Eucaristia ed&#8230;<\/p>\n","protected":false},"author":3,"featured_media":0,"comment_status":"closed","ping_status":"closed","sticky":false,"template":"","format":"standard","meta":{"_kad_post_transparent":"","_kad_post_title":"","_kad_post_layout":"","_kad_post_sidebar_id":"","_kad_post_content_style":"","_kad_post_vertical_padding":"","_kad_post_feature":"","_kad_post_feature_position":"","_kad_post_header":false,"_kad_post_footer":false,"_kad_post_classname":"","footnotes":""},"categories":[100,147],"tags":[364,208,24],"class_list":["post-230764","post","type-post","status-publish","format-standard","hentry","category-100","category-commento-al-vangelo","tag-corpus-domini","tag-don-claudio-doglio","tag-televisione"],"_links":{"self":[{"href":"https:\/\/archivio.cercoiltuovolto.it\/index.php?rest_route=\/wp\/v2\/posts\/230764","targetHints":{"allow":["GET"]}}],"collection":[{"href":"https:\/\/archivio.cercoiltuovolto.it\/index.php?rest_route=\/wp\/v2\/posts"}],"about":[{"href":"https:\/\/archivio.cercoiltuovolto.it\/index.php?rest_route=\/wp\/v2\/types\/post"}],"author":[{"embeddable":true,"href":"https:\/\/archivio.cercoiltuovolto.it\/index.php?rest_route=\/wp\/v2\/users\/3"}],"replies":[{"embeddable":true,"href":"https:\/\/archivio.cercoiltuovolto.it\/index.php?rest_route=%2Fwp%2Fv2%2Fcomments&post=230764"}],"version-history":[{"count":0,"href":"https:\/\/archivio.cercoiltuovolto.it\/index.php?rest_route=\/wp\/v2\/posts\/230764\/revisions"}],"wp:attachment":[{"href":"https:\/\/archivio.cercoiltuovolto.it\/index.php?rest_route=%2Fwp%2Fv2%2Fmedia&parent=230764"}],"wp:term":[{"taxonomy":"category","embeddable":true,"href":"https:\/\/archivio.cercoiltuovolto.it\/index.php?rest_route=%2Fwp%2Fv2%2Fcategories&post=230764"},{"taxonomy":"post_tag","embeddable":true,"href":"https:\/\/archivio.cercoiltuovolto.it\/index.php?rest_route=%2Fwp%2Fv2%2Ftags&post=230764"}],"curies":[{"name":"wp","href":"https:\/\/api.w.org\/{rel}","templated":true}]}}