{"id":230754,"date":"2010-05-31T15:21:04","date_gmt":"2010-05-31T15:21:04","guid":{"rendered":"https:\/\/archivio.cercoiltuovolto.it\/?p=230754"},"modified":"2010-05-31T15:21:04","modified_gmt":"2010-05-31T15:21:04","slug":"commento-al-vangelo-del-6-giugno-2010-paolo-curtaz","status":"publish","type":"post","link":"https:\/\/archivio.cercoiltuovolto.it\/?p=230754","title":{"rendered":"Commento al Vangelo del 6 giugno 2010 &#8211; Paolo Curtaz"},"content":{"rendered":"<h2 style=\"text-align: center;\"><a href=\"http:\/\/www.cercoiltuovolto.it\/\/wp-content\/uploads\/2010\/05\/corpus_4.jpg\"><img loading=\"lazy\" decoding=\"async\" class=\"size-medium wp-image-12014 alignnone\" title=\"Corpus\" src=\"http:\/\/www.cercoiltuovolto.it\/\/wp-content\/uploads\/2010\/05\/corpus_4-219x300.jpg\" alt=\"\" width=\"219\" height=\"300\" \/><\/a><\/h2>\n<h2 style=\"text-align: center;\">Corpus  Domini\u00a0 &#8211; Gn 14,18-20\/ 1Cor 11,23-26\/  Lc 9,11-17<\/h2>\n<h1 style=\"text-align: justify;\">Il dono<\/h1>\n<p style=\"text-align: justify;\">Fa  strano pensare di celebrare una messa per riflettere sulla Messa, buffo  che ogni anno dobbiamo, proprio durante la Cena, fermarci a riflettere  sul senso ultimo e profondo di ci\u00f2 che stiamo facendo.<\/p>\n<p style=\"text-align: justify;\">Se  ci\u00f2 accade \u00e8 per cercare di arginare l\u2019abitudine, per smuovere e  risvegliare le nostre stanche e assonnate comunit\u00e0, per chiederci \u2013  infine \u2013 cosa ne abbiamo fatto del dono del Risorto ai credenti,  l\u2019eucarestia.<\/p>\n<p style=\"text-align: justify;\">Bene o male la partecipazione  alla Messa domenicale segna l\u2019argine fra \u201cpraticanti\u201d e no, fra chi  crede e chi, credendo, si raduna in obbedienza al Signore.<\/p>\n<p style=\"text-align: justify;\">Ma  la messa domenicale rischia, ahim\u00e8, di restare l\u2019unico, fragile segno  di appartenenza, un obbligo da assolvere, una scipita appartenenza che  non converte il nostro cuore.<\/p>\n<p style=\"text-align: justify;\">Quando i preti si incontrano  in giro per l\u2019Italia le tre domande d\u2019obbligo sono: quante parrocchie  hai? Quanti abitanti ci sono? Che percentuale di partecipazione alla  messa festiva?<\/p>\n<p style=\"text-align: justify;\">E se anche avessimo il 100%  della popolazione che partecipa alla Messa? Ci\u00f2 significa che il Regno  di Dio avanza?<\/p>\n<p style=\"text-align: justify;\">Non mi importa quanta gente  partecipa alla Messa.<\/p>\n<p style=\"text-align: justify;\">Mi importa di pi\u00f9 quanti  escono convertiti e consolati, discepoli capaci di calare nella  quotidianit\u00e0 il mistero che hanno appena celebrato.<\/p>\n<p style=\"text-align: center;\">[stream provider=youtube flv=http%3A\/\/www.youtube.com\/watch%3Fv%3D5jplW7ulopc%26feature%3Dyoutube_gdata img=x:\/img.youtube.com\/vi\/5jplW7ulopc\/0.jpg embed=true share=true width=560 height=360 dock=true controlbar=over bandwidth=med autostart=false \/]<\/p>\n<p style=\"text-align: justify;\"><strong>Melchisedek<\/strong><\/p>\n<p style=\"text-align: justify;\">Abramo  \u00e8 uscito da Ur dei Caldei. Lo ha fatto per ascoltare un\u2019intuizione, una  voce interiore che gli ha detto leck leck\u00e0, sbrigativamente tradotto con  \u201cesci dalla tua terra\u201d ma che, in realt\u00e0, significa \u201cvai a te stesso\u201d o  \u201cv\u00e0: ti conviene\u201d. Tutti lo prendono per pazzo: suo padre Terach,  secondo la tradizione rabbinica costruttore di idoli, i suoi  concittadini.<\/p>\n<p style=\"text-align: justify;\">Abramo \u00e8 nel pieno della  vita, nell\u2019et\u00e0 in cui si raccolgono i frutti, perch\u00e9 inoltrarsi verso  l\u2019ignoto?<\/p>\n<p style=\"text-align: justify;\">E invece parte, esce, se ne  va, lascia tutto per cercare Tutto.<\/p>\n<p style=\"text-align: justify;\">Non lo sa ancora,  ma questo gesto gli far\u00e0 incontrare Dio. Questo gesto lo far\u00e0 diventare  padre di una moltitudine: i cercatori di Dio.<\/p>\n<p style=\"text-align: justify;\">Nel  suo difficile percorso Abramo ha lasciato a suo nipote Lot le terre  migliori, ha affrontato l\u2019ostilit\u00e0 dei re del luogo e, infine, incrocia  Melchisedek che offre per lui un sacrificio e lo benedice.<\/p>\n<p style=\"text-align: justify;\">Melchisedek  \u00e8 re di Salem, re della futura Gerusalemme, re di shalom, di pace, come interpreta  la lettera agli Ebrei (Eb 6, 20).<\/p>\n<p style=\"text-align: justify;\">I Padri cristiani  hanno visto in lui una prefigurazione di Cristo, in quel pane offerto  l\u2019immagine dell\u2019eucarestia, il pane del cammino.<\/p>\n<p style=\"text-align: justify;\">Nel  percorso interiore anche noi, come Abramo, come Elia (1 Re 19, 5-6),  incontriamo un pane del cammino che ci accompagna alla scoperta del vero  volto di Dio alla cui luce scopriamo il nostro vero volto.<\/p>\n<p style=\"text-align: justify;\"><strong>L\u2019essenziale<\/strong><\/p>\n<p style=\"text-align: justify;\">Paolo scrive una delle sue  lettere alla comunit\u00e0 di Corinto, citt\u00e0 cosmopolita in cui ha annunciato  il vangelo. Non sono ancora passati vent\u2019anni dalla resurrezione di  Ges\u00f9 e Paolo raccomanda alla comunit\u00e0 di andare all\u2019essenziale, di  distinguere bene le cose importanti dalle cose accessorie.<\/p>\n<p style=\"text-align: justify;\">Paolo  ripete ai Corinzi, con precisione, le parole del Maestro, il gesto che  egli ha compiuto durante quell\u2019ultima, tragica Pasqua. Paolo ha ricevuto  il dono dell\u2019eucarestia e chiede alle sue comunit\u00e0 di ripetere la Cena  del Signore, in obbedienza, in attesa che il Signore Ges\u00f9 venga.<\/p>\n<p style=\"text-align: justify;\">Il  fatto che ogni domenica milioni di comunit\u00e0 cristiane, dal caos delle  grandi citt\u00e0 europee alle sperdute missioni africane o asiatiche, si  radunino per ascoltare la Parola e per ripetere la Cena \u00e8, in fondo, una  questione di obbedienza. Noi facciamo la Cena in sua memoria, perch\u00e9  egli sia presente, perch\u00e9 riviviamo la sua passione, morte e  resurrezione e, da quell\u2019incontro, possiamo camminare durante la  settimana.<\/p>\n<p style=\"text-align: justify;\"><strong>Sintonia<\/strong><\/p>\n<p style=\"text-align: justify;\">Ges\u00f9,  nel momento pi\u00f9 difficile della sua vita, nel momento dell\u2019abbandono e  dell\u2019incomprensione, compie un gesto definitivo: si dona, si consegna,  non offre pane e vino, come Melchisedek, ma la sua stessa vita  sull\u2019altare della croce.<\/p>\n<p style=\"text-align: justify;\">Non \u00e8 il pane che diventa  Cristo, ma Cristo che si fa pane, per potere essere assimilato, per  nutrire, per indicare un nuovo percorso, una nuova logica, quella del  totale dono di s\u00e9.<\/p>\n<p style=\"text-align: justify;\">La Cena pasquale che egli  celebra nell\u2019indifferenza e nella distonia totale con gli apostoli ci  dona la misura della solitudine e dell\u2019amore di Dio.<\/p>\n<p style=\"text-align: justify;\">Quel  gesto, gesto d\u2019amore assoluto, \u00e8 celebrato e ripetuto ogni volta che  una comunit\u00e0 di credenti si raduna insieme ad un prete.<\/p>\n<p style=\"text-align: justify;\">Ma  non pu\u00f2 essere un gesto auto-celebrativo, un gesto isolato, un gesto  neutro.<\/p>\n<p style=\"text-align: justify;\">O l\u2019eucarestia contagia la  nostra vita, la riempie, la modella, la plasma, la informa o resta  sterile, morta, inutile. La Messa inizia proprio nel momento in cui  usciamo dalla porta della chiesa.<\/p>\n<p style=\"text-align: justify;\">E dura un\u2019intera  settimana.<\/p>\n<p style=\"text-align: justify;\">Quel pane ricevuto ci aiuta a  sfamare la folla, ad accorgerci della fame insaziata di chi  incontreremo durante la settimana e a mettere a disposizione quel poco  che siamo per sfamare ogni uomo, nel corpo e nell\u2019anima.<\/p>\n<p style=\"text-align: justify;\"><strong>Allora<\/strong><\/p>\n<p style=\"text-align: justify;\">L\u2019eucarestia, il pane di Dio,  il pane del cammino, \u00e8 il dono prezioso che ci fa diventare credenti,  che ci sostiene e costruisce comunit\u00e0. Questo \u00e8 l\u2019essenziale.<\/p>\n<p style=\"text-align: justify;\">Il  resto: chi celebra, come, quando, chi anima, chi legge, chi canta e  cosa, \u00e8 tutto dopo, per cortesia.<\/p>\n<p style=\"text-align: justify;\">I preti sono  chiamati a diventare trasparenza, a lasciare che sia la Parola a fluire  nelle (brevi) omelie (Quanta poca Parola nelle nostre parole!), che  siano eucarestie, cio\u00e8 ringraziamenti, non luoghi da cui bacchettare le  persone o occasioni per far sfoggio della pirotecnica cultura teologica.<\/p>\n<p style=\"text-align: justify;\">Ai discepoli, a coloro che amano il Signore,  auguro che l\u2019eucarestia torni ad essere ci\u00f2 che \u00e8: incontro col Risorto,  pane del cammino, farmaco e consolazione, luogo di accoglienza e  di conversione, di fraternit\u00e0 e di perdono.<\/p>\n<p style=\"text-align: justify;\"><a href=\"http:\/\/www.paolocurtaz.it\">Paolo Curtaz<\/a><\/p>\n<p class=\"immagine-link\" style=\"text-align: justify;\">Immagine: <a href=\"http:\/\/duomofirenze.it\/feste\/corpusdomini.htm\">Duomo di Firenze<\/a><\/p>\n","protected":false},"excerpt":{"rendered":"<p>Corpus Domini\u00a0 &#8211; Gn 14,18-20\/ 1Cor 11,23-26\/ Lc 9,11-17 Il dono Fa strano pensare di celebrare una messa per riflettere sulla Messa, buffo che ogni anno dobbiamo, proprio durante la Cena, fermarci a riflettere sul senso ultimo e profondo di ci\u00f2 che stiamo facendo. Se ci\u00f2 accade \u00e8 per cercare di arginare l\u2019abitudine, per smuovere&#8230;<\/p>\n","protected":false},"author":3,"featured_media":0,"comment_status":"closed","ping_status":"closed","sticky":false,"template":"","format":"standard","meta":{"_kad_post_transparent":"","_kad_post_title":"","_kad_post_layout":"","_kad_post_sidebar_id":"","_kad_post_content_style":"","_kad_post_vertical_padding":"","_kad_post_feature":"","_kad_post_feature_position":"","_kad_post_header":false,"_kad_post_footer":false,"_kad_post_classname":"","footnotes":""},"categories":[100,147],"tags":[364,223,172],"class_list":["post-230754","post","type-post","status-publish","format-standard","hentry","category-100","category-commento-al-vangelo","tag-corpus-domini","tag-paolo-curtaz","tag-vangelo-della-domenica"],"_links":{"self":[{"href":"https:\/\/archivio.cercoiltuovolto.it\/index.php?rest_route=\/wp\/v2\/posts\/230754","targetHints":{"allow":["GET"]}}],"collection":[{"href":"https:\/\/archivio.cercoiltuovolto.it\/index.php?rest_route=\/wp\/v2\/posts"}],"about":[{"href":"https:\/\/archivio.cercoiltuovolto.it\/index.php?rest_route=\/wp\/v2\/types\/post"}],"author":[{"embeddable":true,"href":"https:\/\/archivio.cercoiltuovolto.it\/index.php?rest_route=\/wp\/v2\/users\/3"}],"replies":[{"embeddable":true,"href":"https:\/\/archivio.cercoiltuovolto.it\/index.php?rest_route=%2Fwp%2Fv2%2Fcomments&post=230754"}],"version-history":[{"count":0,"href":"https:\/\/archivio.cercoiltuovolto.it\/index.php?rest_route=\/wp\/v2\/posts\/230754\/revisions"}],"wp:attachment":[{"href":"https:\/\/archivio.cercoiltuovolto.it\/index.php?rest_route=%2Fwp%2Fv2%2Fmedia&parent=230754"}],"wp:term":[{"taxonomy":"category","embeddable":true,"href":"https:\/\/archivio.cercoiltuovolto.it\/index.php?rest_route=%2Fwp%2Fv2%2Fcategories&post=230754"},{"taxonomy":"post_tag","embeddable":true,"href":"https:\/\/archivio.cercoiltuovolto.it\/index.php?rest_route=%2Fwp%2Fv2%2Ftags&post=230754"}],"curies":[{"name":"wp","href":"https:\/\/api.w.org\/{rel}","templated":true}]}}