{"id":230735,"date":"2010-05-25T15:47:35","date_gmt":"2010-05-25T15:47:35","guid":{"rendered":"https:\/\/archivio.cercoiltuovolto.it\/?p=230735"},"modified":"2010-05-25T15:47:35","modified_gmt":"2010-05-25T15:47:35","slug":"ti-ricordiamo-cosi-karol-rai-vaticano-e-rai-due","status":"publish","type":"post","link":"https:\/\/archivio.cercoiltuovolto.it\/?p=230735","title":{"rendered":"Ti ricordiamo cos\u00ec Karol &#8211; Rai Vaticano e Rai Due"},"content":{"rendered":"<blockquote>\n<p style=\"text-align: justify;\">Una bella notizia per i tantissimi amici che in questi giorni hanno inondato il nostro blog per complimentarsi della riuscita di \u201c<strong>Ti ricordiamo cos\u00ec Karol<\/strong>\u201d: il programma \u00e8 visibile su Facebook, anche per chi non \u00e8 iscritto al social network!<\/p>\n<p style=\"text-align: justify;\">Per coloro che fanno parte della comunit\u00e0 <strong>Facebook<\/strong>, questo \u00e8 l\u2019indirizzo internet su cui cliccare:<\/p>\n<p style=\"text-align: justify;\">http:\/\/www.facebook.com\/raivaticano?v=app_2392950137#!\/video\/video.php?v=130183246991890<\/p>\n<p style=\"text-align: justify;\">Da qui si potr\u00e0 poi continuare la visione dello speciale, diviso in 12 parti, proseguendo la navigazione alle pagine successive.<\/p>\n<p style=\"text-align: justify;\">Per chi invece non \u00e8 iscritto a Facebook, basta collegarsi ai seguenti link, uno per ognuna delle 12 parti in cui il filmato \u00e8 stato diviso:<\/p>\n<ul>\n<li style=\"text-align: justify;\">1 parte   http:\/\/www.facebook.com\/v\/130183246991890<\/li>\n<li style=\"text-align: justify;\">2 parte http:\/\/www.facebook.com\/v\/130170820326466<\/li>\n<li style=\"text-align: justify;\">3 parte  http:\/\/www.facebook.com\/v\/130164883660393<\/li>\n<li style=\"text-align: justify;\">4 parte http:\/\/www.facebook.com\/v\/129930213683860<\/li>\n<li style=\"text-align: justify;\">5 parte http:\/\/www.facebook.com\/v\/129923877017827<\/li>\n<li style=\"text-align: justify;\">6 parte  http:\/\/www.facebook.com\/v\/129904970353051<\/li>\n<li style=\"text-align: justify;\">7 parte  http:\/\/www.facebook.com\/v\/129871857023029<\/li>\n<li style=\"text-align: justify;\">8 parte http:\/\/www.facebook.com\/v\/129881747022040<\/li>\n<li style=\"text-align: justify;\">9 parte http:\/\/www.facebook.com\/v\/129861413690740<\/li>\n<li style=\"text-align: justify;\">10 parte http:\/\/www.facebook.com\/v\/129855693691312<\/li>\n<li style=\"text-align: justify;\">11 parte http:\/\/www.facebook.com\/v\/129851673691714<\/li>\n<li style=\"text-align: justify;\">12 parte http:\/\/www.facebook.com\/v\/129849400358608<\/li>\n<\/ul>\n<\/blockquote>\n<p style=\"text-align: justify;\">Fonte: Rai Vaticano<\/p>\n","protected":false},"excerpt":{"rendered":"<p>Una bella notizia per i tantissimi amici che in questi giorni hanno inondato il nostro blog per complimentarsi della riuscita di \u201cTi ricordiamo cos\u00ec Karol\u201d: il programma \u00e8 visibile su Facebook, anche per chi non \u00e8 iscritto al social network! Per coloro che fanno parte della comunit\u00e0 Facebook, questo \u00e8 l\u2019indirizzo internet su cui cliccare:&#8230;<\/p>\n","protected":false},"author":3,"featured_media":0,"comment_status":"closed","ping_status":"closed","sticky":false,"template":"","format":"standard","meta":{"_kad_post_transparent":"","_kad_post_title":"","_kad_post_layout":"","_kad_post_sidebar_id":"","_kad_post_content_style":"","_kad_post_vertical_padding":"","_kad_post_feature":"","_kad_post_feature_position":"","_kad_post_header":false,"_kad_post_footer":false,"_kad_post_classname":"","footnotes":""},"categories":[100,120],"tags":[24,113],"class_list":["post-230735","post","type-post","status-publish","format-standard","hentry","category-100","category-giovanni-paolo-ii","tag-televisione","tag-video"],"_links":{"self":[{"href":"https:\/\/archivio.cercoiltuovolto.it\/index.php?rest_route=\/wp\/v2\/posts\/230735","targetHints":{"allow":["GET"]}}],"collection":[{"href":"https:\/\/archivio.cercoiltuovolto.it\/index.php?rest_route=\/wp\/v2\/posts"}],"about":[{"href":"https:\/\/archivio.cercoiltuovolto.it\/index.php?rest_route=\/wp\/v2\/types\/post"}],"author":[{"embeddable":true,"href":"https:\/\/archivio.cercoiltuovolto.it\/index.php?rest_route=\/wp\/v2\/users\/3"}],"replies":[{"embeddable":true,"href":"https:\/\/archivio.cercoiltuovolto.it\/index.php?rest_route=%2Fwp%2Fv2%2Fcomments&post=230735"}],"version-history":[{"count":0,"href":"https:\/\/archivio.cercoiltuovolto.it\/index.php?rest_route=\/wp\/v2\/posts\/230735\/revisions"}],"wp:attachment":[{"href":"https:\/\/archivio.cercoiltuovolto.it\/index.php?rest_route=%2Fwp%2Fv2%2Fmedia&parent=230735"}],"wp:term":[{"taxonomy":"category","embeddable":true,"href":"https:\/\/archivio.cercoiltuovolto.it\/index.php?rest_route=%2Fwp%2Fv2%2Fcategories&post=230735"},{"taxonomy":"post_tag","embeddable":true,"href":"https:\/\/archivio.cercoiltuovolto.it\/index.php?rest_route=%2Fwp%2Fv2%2Ftags&post=230735"}],"curies":[{"name":"wp","href":"https:\/\/api.w.org\/{rel}","templated":true}]}}