{"id":230728,"date":"2010-05-25T07:25:42","date_gmt":"2010-05-25T07:25:42","guid":{"rendered":"https:\/\/archivio.cercoiltuovolto.it\/?p=230728"},"modified":"2010-05-25T07:25:42","modified_gmt":"2010-05-25T07:25:42","slug":"commento-al-vangelo-del-30-maggio-2010-paolo-curtaz","status":"publish","type":"post","link":"https:\/\/archivio.cercoiltuovolto.it\/?p=230728","title":{"rendered":"Commento al Vangelo del 30 maggio 2010 &#8211; Paolo Curtaz"},"content":{"rendered":"<p style=\"text-align: center;\"><a href=\"http:\/\/www.cercoiltuovolto.it\/\/wp-content\/uploads\/2010\/05\/adoration-of-the-holy-trinity-1041-mid.jpg\"><img loading=\"lazy\" decoding=\"async\" class=\"alignnone size-full wp-image-11929\" title=\"adoration-of-the-holy-trinity-1041-mid\" src=\"http:\/\/www.cercoiltuovolto.it\/\/wp-content\/uploads\/2010\/05\/adoration-of-the-holy-trinity-1041-mid.jpg\" alt=\"\" width=\"520\" height=\"573\" \/><\/a><\/p>\n<p style=\"text-align: justify;\">Santissima Trinit\u00e0<br \/>\n Pr 8,22-31\/Rm 5,1-5\/Gv 16,12-15<br \/>\n <strong>Il Dio inatteso<\/strong><\/p>\n<p style=\"text-align: justify;\">Facciamo fatica a capire chi siamo noi, cos\u2019\u00e8 la vita, come funziona il mondo: perch\u00e9 mai dovremmo sforzarci di capire anche chi \u00e8 Dio (se c\u2019\u00e8?).<\/p>\n<p style=\"text-align: justify;\">Peggio: per quale sadica ragione dovremmo sforzarci di capire la stravagante idea della Chiesa di credere in un Dio che, pur essendo uno, \u00e8 anche Trino?<\/p>\n<p style=\"text-align: justify;\">Penso che nella vita dobbiamo affrontare temi ben pi\u00f9 seri che non seguire complicati ragionamenti teologici che usano parole usurate e incomprensibili come persona, generato e non creato, sostanza\u2026 siamo onesti: il rischio \u00e8 davvero di farci travolgere da un\u2019inutile e ridondante esercizio di retorica clericale.<\/p>\n<p style=\"text-align: center;\">[stream provider=youtube flv=http%3A\/\/www.youtube.com\/watch%3Fv%3DHoAec3fIdq4 img=x:\/img.youtube.com\/vi\/HoAec3fIdq4\/0.jpg embed=true share=true width=560 height=360 dock=true controlbar=over bandwidth=med autostart=false \/]<\/p>\n<p style=\"text-align: justify;\">Eppure.<\/p>\n<p style=\"text-align: justify;\"><strong>Il Dio demoniaco<\/strong><\/p>\n<p style=\"text-align: justify;\">Mi sono convinto che portiamo nel cuore un\u2019immagine di Dio.<\/p>\n<p style=\"text-align: justify;\">Non sempre bella, sinceramente: un\u2019idea spontanea, inconscia, culturale, legata alla nostra educazione e nutrita da qualche distratto ascolto di predica o di catechismo.<\/p>\n<p style=\"text-align: justify;\">Dio c\u2019\u00e8, certo, ma \u00e8 incomprensibile, lunatico, inaccessibile.<\/p>\n<p style=\"text-align: justify;\">Ti ama, si dice, ma poi incontro Marta che tre giorni prima di sposarsi ha scoperto di avere un tumore in fase avanzata a trentasei anni.<\/p>\n<p style=\"text-align: justify;\">\u00c8 onnipotente, ma non difende il bambino venduto per prostituirsi.<\/p>\n<p style=\"text-align: justify;\">C\u2019\u00e8, opera, ovvio.<\/p>\n<p style=\"text-align: justify;\">Ma non fa quasi mai il mio bene.<\/p>\n<p style=\"text-align: justify;\">Meglio blandirlo Dio, non si sa mai.<\/p>\n<p style=\"text-align: justify;\">Meglio trattarlo bene, sperando che non ti capiti una disgrazia.<\/p>\n<p style=\"text-align: justify;\">E, a dirla tutta, forse io sarei capace di operare meglio di lui e di risolvere qualche bel problemino mondiale.<\/p>\n<p style=\"text-align: justify;\">L\u2019idea di Dio che portiamo nel cuore, siamo onesti, \u00e8 mediamente orribile.<\/p>\n<p style=\"text-align: justify;\">Finch\u00e9.<\/p>\n<p style=\"text-align: justify;\"><strong>Il Dio di Ges\u00f9<\/strong><\/p>\n<p style=\"text-align: justify;\">Finch\u00e9 \u00e8 arrivato un profeta potente in parole e opere, uno che non aveva studiato da prete, neanche tanto devoto, uno che \u2013 ormai adulto \u2013 si \u00e8 messo a fare il Rabb\u00ec, un certo Ges\u00f9, falegname in Nazareth, figlio di Giuseppe.<\/p>\n<p style=\"text-align: justify;\">Tre anni di vita intensi e folli, di segni e di passione, di fatica e di dono.<\/p>\n<p style=\"text-align: justify;\">Tre anni di stupore crescente per le sue parole, per la sua autenticit\u00e0, per il suo amore divorante come un fuoco. Tre anni di dono di s\u00e9 e di predicazione.<\/p>\n<p style=\"text-align: justify;\">Poi rabb\u00ec Jeoshua \u00e8 morto, ovvio. Finiscono tutti cos\u00ec gli illusi, no?<\/p>\n<p style=\"text-align: justify;\">Da Gandhi a Pino Puglisi, chi contraddice il sistema, anche quello religioso, \u00e8 spazzato via.<\/p>\n<p style=\"text-align: justify;\">Ma alcuni dei suoi professano che egli \u00e8 risorto, che non \u00e8 morto, che \u00e8 accessibile.<\/p>\n<p style=\"text-align: justify;\">Che non soltanto ci ha parlato di Dio in maniera nuova e potente.<\/p>\n<p style=\"text-align: justify;\">Egli era Dio stesso.<\/p>\n<p style=\"text-align: justify;\">E ci ha raccontato qualcosa di folle.<\/p>\n<p style=\"text-align: justify;\"><strong>Dio \u00e8\/in festa<\/strong><\/p>\n<p style=\"text-align: justify;\">Ges\u00f9 ci svela che Dio \u00e8 Trinit\u00e0, cio\u00e9 comunione. Ci dice che se noi vediamo \u201cda fuori\u201d che Dio \u00e8 unico, in realt\u00e0 questa unit\u00e0 \u00e8 frutto della comunione del Padre col Figlio nello Spirito Santo. Talmente uniti da essere uno, talmente orientati l\u2019uno verso l\u2019altro da essere totalmente uniti.<\/p>\n<p style=\"text-align: justify;\">Dio non \u00e8 solitudine, immutabile e asettica perfezione, ma \u00e8 comunione, festa, famiglia, amore, tensione dell\u2019uno verso l\u2019altro.<\/p>\n<p style=\"text-align: justify;\">Solo Ges\u00f9 poteva farci accedere alla stanza interiore di Dio, solo Ges\u00f9 poteva svelarci l\u2019intima gioia, l\u2019intimo tormento di Dio: la comunione. Una comunione piena, un dialogo talmente armonico, un dono di s\u00e9 talmente realizzato, che noi, da fuori, vediamo un Dio unico.<\/p>\n<p style=\"text-align: justify;\">Dio \u00e8 Trinit\u00e0, relazione, danza, festa, armonia, passione, dono, cuore.<\/p>\n<p style=\"text-align: justify;\">Allora finalmente capisco l\u2019inutile lezione di catechismo di quando, bambino, vedevo il parroco tracciare sulla lavagna l\u2019addizione: 1+1+1=1 e disegnava un triangolo equilatero. Tenero. Sbagliava operazione. In verit\u00e0 1x1x1=1. Proprio perch\u00e9 il Padre ama il Figlio che ama il Padre e questo amore \u00e8 lo Spirito Santo, che noi, da fuori, vediamo un\u2019unit\u00e0 assoluta.<\/p>\n<p style=\"text-align: justify;\"><strong>E a me?<\/strong><\/p>\n<p style=\"text-align: justify;\">Se Dio \u00e8 comunione, in lui siamo battezzati e a sua immagine siamo stati creati; questa comunione ci abita e a immagine di questa immagine siamo stati creati. La bella parabola della Genesi ci ricorda di come Dio si sia guardato allo specchio, sorridendo, per progettare l\u2019uomo.<\/p>\n<p style=\"text-align: justify;\">Ma, se questo \u00e8 vero, le conseguenze sono enormi.<\/p>\n<p style=\"text-align: justify;\">La solitudine ci \u00e9 insopportabile perch\u00e9 inconcepibile in una logica di comunione, perch\u00e9 siamo creati a immagine della danza.<\/p>\n<p style=\"text-align: justify;\">Se giochiamo la nostra vita da solitari non riusciremo mai a trovare la luce interiore perch\u00e9 ci allontaniamo dal progetto.<\/p>\n<p style=\"text-align: justify;\">Sartre diceva: \u201cL\u2019enfer c\u2019est les autres\u201d, Ges\u00f9 ci ribadisce: \u201cSiate perfetti nell\u2019unit\u00e0\u201d.<\/p>\n<p style=\"text-align: justify;\">E se anche fare comunione \u00e8 difficile, ci \u00e8 indispensabile, vitale, e pi\u00f9 puntiamo alla comunione e pi\u00f9 realizziamo la nostra storia, pi\u00f9 ci mettiamo alla scuola di comunione di Dio, pi\u00f9 ci realizzeremo.<\/p>\n<p style=\"text-align: justify;\">La Chiesa, va costruita a immagine della Trinit\u00e0. La nostra comunit\u00e0 prende ispirazione da Dio-Trinit\u00e0, guardiamo a lui per intessere rapporti, per rispettare le diversit\u00e0, per superare le difficolt\u00e0. Guardando al nostro modo di essere, di relazionarci, di rispettarci, di essere autentici, chi ci sta intorno capir\u00e0 chi \u00e8 Dio e per noi l\u2019idea di un Dio che \u00e8 Trinit\u00e0 diventer\u00e0 luce.<\/p>\n<p style=\"text-align: justify;\">Questo \u00e8 il Dio che Ges\u00f9 \u00e8 venuto a raccontare.<\/p>\n<p style=\"text-align: justify;\">Volete ancora tenervi il vostro vecchio Dio?<\/p>\n<p style=\"text-align: justify;\"><a href=\"http:\/\/www.zaccheo.org\">Paolo Curtaz<\/a><\/p>\n","protected":false},"excerpt":{"rendered":"<p>Santissima Trinit\u00e0 Pr 8,22-31\/Rm 5,1-5\/Gv 16,12-15 Il Dio inatteso Facciamo fatica a capire chi siamo noi, cos\u2019\u00e8 la vita, come funziona il mondo: perch\u00e9 mai dovremmo sforzarci di capire anche chi \u00e8 Dio (se c\u2019\u00e8?). Peggio: per quale sadica ragione dovremmo sforzarci di capire la stravagante idea della Chiesa di credere in un Dio che,&#8230;<\/p>\n","protected":false},"author":3,"featured_media":0,"comment_status":"closed","ping_status":"closed","sticky":false,"template":"","format":"standard","meta":{"_kad_post_transparent":"","_kad_post_title":"","_kad_post_layout":"","_kad_post_sidebar_id":"","_kad_post_content_style":"","_kad_post_vertical_padding":"","_kad_post_feature":"","_kad_post_feature_position":"","_kad_post_header":false,"_kad_post_footer":false,"_kad_post_classname":"","footnotes":""},"categories":[100,147],"tags":[223,218,172],"class_list":["post-230728","post","type-post","status-publish","format-standard","hentry","category-100","category-commento-al-vangelo","tag-paolo-curtaz","tag-trinita","tag-vangelo-della-domenica"],"_links":{"self":[{"href":"https:\/\/archivio.cercoiltuovolto.it\/index.php?rest_route=\/wp\/v2\/posts\/230728","targetHints":{"allow":["GET"]}}],"collection":[{"href":"https:\/\/archivio.cercoiltuovolto.it\/index.php?rest_route=\/wp\/v2\/posts"}],"about":[{"href":"https:\/\/archivio.cercoiltuovolto.it\/index.php?rest_route=\/wp\/v2\/types\/post"}],"author":[{"embeddable":true,"href":"https:\/\/archivio.cercoiltuovolto.it\/index.php?rest_route=\/wp\/v2\/users\/3"}],"replies":[{"embeddable":true,"href":"https:\/\/archivio.cercoiltuovolto.it\/index.php?rest_route=%2Fwp%2Fv2%2Fcomments&post=230728"}],"version-history":[{"count":0,"href":"https:\/\/archivio.cercoiltuovolto.it\/index.php?rest_route=\/wp\/v2\/posts\/230728\/revisions"}],"wp:attachment":[{"href":"https:\/\/archivio.cercoiltuovolto.it\/index.php?rest_route=%2Fwp%2Fv2%2Fmedia&parent=230728"}],"wp:term":[{"taxonomy":"category","embeddable":true,"href":"https:\/\/archivio.cercoiltuovolto.it\/index.php?rest_route=%2Fwp%2Fv2%2Fcategories&post=230728"},{"taxonomy":"post_tag","embeddable":true,"href":"https:\/\/archivio.cercoiltuovolto.it\/index.php?rest_route=%2Fwp%2Fv2%2Ftags&post=230728"}],"curies":[{"name":"wp","href":"https:\/\/api.w.org\/{rel}","templated":true}]}}